{"id":19605,"date":"2023-09-26T15:00:50","date_gmt":"2023-09-26T15:00:50","guid":{"rendered":"https:\/\/www.challenge-family.com\/challenge-family\/uncategorized\/challenge-family-returns-to-north-america-with-the-announcement-of-sail-challenge-cap-quebec\/"},"modified":"2024-05-29T15:32:10","modified_gmt":"2024-05-29T15:32:10","slug":"challenge-family-returns-to-north-america-with-the-announcement-of-sail-challenge-cap-quebec","status":"publish","type":"news","link":"https:\/\/www.challenge-family.com\/challenge-family\/news\/challenge-family-returns-to-north-america-with-the-announcement-of-sail-challenge-cap-quebec\/","title":{"rendered":"Challenge Family Returns to North America with the Announcement of SAIL Challenge Cap Qu\u00e9bec"},"content":{"rendered":"<p>Challenge Family has made a decisive return to North America with today\u2019s announcement of the major new middle distance race, SAIL Challenge Cap Qu\u00e9bec powered by Argon 18, set in the heart of the Canadian UNESCO World Heritage city.<\/p>\n<p>Set to take place on 19-21 July 2024, SAIL Challenge Cap Qu\u00e9bec will bring the athlete-centric focus for which Challenge Family is renowned to North America with a true festival of triathlon. Events for all ages and abilities over a variety of distances will make up the weekend, culminating in the flagship middle distance race led by a world-class professional field.<\/p>\n<p>The arrival of Challenge Family on the Canadian calendar has been welcomed by the triathlon community, with top Canadian professional athlete, Lionel Sanders commenting, \u201cI am very excited to hear the announcement of the new Challenge Family race in Qu\u00e9bec.\u00a0Every time I go to Qu\u00e9bec it feels like I am at a hometown race and the support is overwhelming.\u00a0\u00a0From the description of the event it is promising to be quite picturesque and lends itself to be extremely spectator friendly!\u00a0You\u2019re going to want to add this one to your summer race calendar!\u201d<\/p>\n<p>Fellow Canadian professional, Paula Findlay, was also excited by the news. \u201cI\u2019m thrilled to hear of the new Challenge Family race in Qu\u00e9bec, Canada next year,\u201d she said. \u201cOpportunities to race in my home country don\u2019t happen very often, and they always have an extra special feel. The home country advantage is real, and the crowd support at Canadian races is unreal. I have no doubt that Challenge will put on a world class event at this brand new venue, with a spectacular backdrop. Hope to see you there!\u201d<\/p>\n<p>The SAIL Challenge Cap Qu\u00e9bec middle distance course promises to showcase the best of the city and its surroundings. The event kicks off with a 1.9km swim in Bassin Louise, surrounded by yachts and the charming old-town Qu\u00e9bec.<\/p>\n<p>The bike course, a four-lap, 90km route, is historic in its own right, as it marks the first time the highway will be closed this long for an event. Athletes will experience an out-and-back ride along the St Lawrence River, featuring picturesque views of \u00cele d&#8217;Orl\u00e9ans and the city.<\/p>\n<p>Returning to T2, the run takes participants on a flat course through 400 years of history in a UNESCO World Heritage Site. Athletes will explore Qu\u00e9bec City along quays 21 and 22 of the port, followed by a scenic run along the Rivi\u00e8re Saint-Charles, offering breathtaking vistas of \u00cele d&#8217;Orl\u00e9ans, the St Lawrence River, and its many boats. The race concludes at the Port of Qu\u00e9bec Agora, an awe-inspiring location on the banks of the St Lawrence River, with a panoramic view of the iconic Ch\u00e2teau Frontenac.<\/p>\n<p>&#8220;What a privilege, honour and joy it is to organise such a major sporting event in the magnificent city of Qu\u00e9bec, an event that will bring the community together around a passion for endurance sport, physical activity and the great outdoors!\u201d said Dominique Pich\u00e9, race director of SAIL Challenge Cap Qu\u00e9bec. \u201cI hope SAIL Challenge Cap Qu\u00e9bec, powered by ARGON 18, will quickly become a source of great pride for the people of Qu\u00e9bec City, so they can enjoy taking part as athletes, supporters, spectators, volunteers or stakeholders in the organisation.&#8221;<\/p>\n<p>&#8220;Athletes have been asking us for many years when we will return to North America, but it was important for us to wait for the right time, the right destination, and the right partner,&#8221; said Challenge Family CEO, Jort Vlam. &#8220;We believe we&#8217;ve found all of that with SAIL Challenge Cap Qu\u00e9bec, and we can&#8217;t think of a more fitting location to make a memorable return to North America. We look forward to working with Dominique and the city of Qu\u00e9bec to build Challenge Cap Qu\u00e9bec into one of the region\u2019s premiere sports events.&#8221;<\/p>\n<p>SAIL Challenge Cap Qu\u00e9bec will take place on 19-21 July 2024 and registration is open now for this exciting new race that promises to be an unforgettable experience in the heart of Canada&#8217;s heritage city at <a href=\"http:\/\/www.challenge-capquebec.com\">www.challenge-capquebec.com<\/a>.<\/p>\n","protected":false},"excerpt":{"rendered":"<p>Challenge Family has made a decisive return to North America with today\u2019s announcement of the major new middle distance race, SAIL Challenge Cap Qu\u00e9bec powered by Argon 18, set in the heart of the Canadian UNESCO World Heritage city. Set to take place on 19-21 July 2024, SAIL Challenge Cap Qu\u00e9bec will bring the athlete-centric [&hellip;]<\/p>\n","protected":false},"author":120,"featured_media":19606,"menu_order":0,"comment_status":"open","ping_status":"open","template":"","format":"standard","meta":{"_acf_changed":false,"footnotes":""},"categories":[21],"tags":[],"class_list":["post-19605","news","type-news","status-publish","format-standard","has-post-thumbnail","hentry","category-news"],"yoast_head":"<!-- This site is optimized with the Yoast SEO plugin v25.6 - https:\/\/yoast.com\/wordpress\/plugins\/seo\/ -->\n<title>Challenge Family Returns to North America with the Announcement of SAIL Challenge Cap Qu\u00e9bec - Challenge Family<\/title>\n<meta name=\"robots\" content=\"index, follow, max-snippet:-1, max-image-preview:large, max-video-preview:-1\" \/>\n<link rel=\"canonical\" href=\"https:\/\/www.challenge-family.com\/challenge-family\/news\/challenge-family-returns-to-north-america-with-the-announcement-of-sail-challenge-cap-quebec\/\" \/>\n<meta property=\"og:locale\" content=\"en_US\" \/>\n<meta property=\"og:type\" content=\"article\" \/>\n<meta property=\"og:title\" content=\"Challenge Family Returns to North America with the Announcement of SAIL Challenge Cap Qu\u00e9bec - Challenge Family\" \/>\n<meta property=\"og:description\" content=\"Challenge Family has made a decisive return to North America with today\u2019s announcement of the major new middle distance race, SAIL Challenge Cap Qu\u00e9bec powered by Argon 18, set in the heart of the Canadian UNESCO World Heritage city. Set to take place on 19-21 July 2024, SAIL Challenge Cap Qu\u00e9bec will bring the athlete-centric [&hellip;]\" \/>\n<meta property=\"og:url\" content=\"https:\/\/www.challenge-family.com\/challenge-family\/news\/challenge-family-returns-to-north-america-with-the-announcement-of-sail-challenge-cap-quebec\/\" \/>\n<meta property=\"og:site_name\" content=\"Challenge Family\" \/>\n<meta property=\"article:modified_time\" content=\"2024-05-29T15:32:10+00:00\" \/>\n<meta property=\"og:image\" content=\"https:\/\/www.challenge-family.com\/challenge-family\/wp-content\/uploads\/sites\/75\/2024\/05\/credit_jeff-frenette-photography-3.jpg\" \/>\n\t<meta property=\"og:image:width\" content=\"1500\" \/>\n\t<meta property=\"og:image:height\" content=\"1000\" \/>\n\t<meta property=\"og:image:type\" content=\"image\/jpeg\" \/>\n<meta name=\"twitter:card\" content=\"summary_large_image\" \/>\n<meta name=\"twitter:label1\" content=\"Est. reading time\" \/>\n\t<meta name=\"twitter:data1\" content=\"4 minutes\" \/>\n<script type=\"application\/ld+json\" class=\"yoast-schema-graph\">{\"@context\":\"https:\/\/schema.org\",\"@graph\":[{\"@type\":\"WebPage\",\"@id\":\"https:\/\/www.challenge-family.com\/challenge-family\/news\/challenge-family-returns-to-north-america-with-the-announcement-of-sail-challenge-cap-quebec\/\",\"url\":\"https:\/\/www.challenge-family.com\/challenge-family\/news\/challenge-family-returns-to-north-america-with-the-announcement-of-sail-challenge-cap-quebec\/\",\"name\":\"Challenge Family Returns to North America with the Announcement of SAIL Challenge Cap Qu\u00e9bec - Challenge Family\",\"isPartOf\":{\"@id\":\"https:\/\/www.challenge-family.com\/challenge-family\/#website\"},\"primaryImageOfPage\":{\"@id\":\"https:\/\/www.challenge-family.com\/challenge-family\/news\/challenge-family-returns-to-north-america-with-the-announcement-of-sail-challenge-cap-quebec\/#primaryimage\"},\"image\":{\"@id\":\"https:\/\/www.challenge-family.com\/challenge-family\/news\/challenge-family-returns-to-north-america-with-the-announcement-of-sail-challenge-cap-quebec\/#primaryimage\"},\"thumbnailUrl\":\"https:\/\/www.challenge-family.com\/challenge-family\/wp-content\/uploads\/sites\/75\/2024\/05\/credit_jeff-frenette-photography-3.jpg\",\"datePublished\":\"2023-09-26T15:00:50+00:00\",\"dateModified\":\"2024-05-29T15:32:10+00:00\",\"breadcrumb\":{\"@id\":\"https:\/\/www.challenge-family.com\/challenge-family\/news\/challenge-family-returns-to-north-america-with-the-announcement-of-sail-challenge-cap-quebec\/#breadcrumb\"},\"inLanguage\":\"en-US\",\"potentialAction\":[{\"@type\":\"ReadAction\",\"target\":[\"https:\/\/www.challenge-family.com\/challenge-family\/news\/challenge-family-returns-to-north-america-with-the-announcement-of-sail-challenge-cap-quebec\/\"]}]},{\"@type\":\"ImageObject\",\"inLanguage\":\"en-US\",\"@id\":\"https:\/\/www.challenge-family.com\/challenge-family\/news\/challenge-family-returns-to-north-america-with-the-announcement-of-sail-challenge-cap-quebec\/#primaryimage\",\"url\":\"https:\/\/www.challenge-family.com\/challenge-family\/wp-content\/uploads\/sites\/75\/2024\/05\/credit_jeff-frenette-photography-3.jpg\",\"contentUrl\":\"https:\/\/www.challenge-family.com\/challenge-family\/wp-content\/uploads\/sites\/75\/2024\/05\/credit_jeff-frenette-photography-3.jpg\",\"width\":1500,\"height\":1000,\"caption\":\"vue du vieux-quebec a partir du port de quebec on y voit le chateau frontenac et l'edifice price - ete\"},{\"@type\":\"BreadcrumbList\",\"@id\":\"https:\/\/www.challenge-family.com\/challenge-family\/news\/challenge-family-returns-to-north-america-with-the-announcement-of-sail-challenge-cap-quebec\/#breadcrumb\",\"itemListElement\":[{\"@type\":\"ListItem\",\"position\":1,\"name\":\"Home\",\"item\":\"https:\/\/www.challenge-family.com\/challenge-family\/\"},{\"@type\":\"ListItem\",\"position\":2,\"name\":\"Challenge Family Returns to North America with the Announcement of SAIL Challenge Cap Qu\u00e9bec\"}]},{\"@type\":\"WebSite\",\"@id\":\"https:\/\/www.challenge-family.com\/challenge-family\/#website\",\"url\":\"https:\/\/www.challenge-family.com\/challenge-family\/\",\"name\":\"Challenge Family\",\"description\":\"Every Athlete, Every Challenge\",\"publisher\":{\"@id\":\"https:\/\/www.challenge-family.com\/challenge-family\/#organization\"},\"potentialAction\":[{\"@type\":\"SearchAction\",\"target\":{\"@type\":\"EntryPoint\",\"urlTemplate\":\"https:\/\/www.challenge-family.com\/challenge-family\/?s={search_term_string}\"},\"query-input\":{\"@type\":\"PropertyValueSpecification\",\"valueRequired\":true,\"valueName\":\"search_term_string\"}}],\"inLanguage\":\"en-US\"},{\"@type\":\"Organization\",\"@id\":\"https:\/\/www.challenge-family.com\/challenge-family\/#organization\",\"name\":\"Challenge Family\",\"url\":\"https:\/\/www.challenge-family.com\/challenge-family\/\",\"logo\":{\"@type\":\"ImageObject\",\"inLanguage\":\"en-US\",\"@id\":\"https:\/\/www.challenge-family.com\/challenge-family\/#\/schema\/logo\/image\/\",\"url\":\"https:\/\/www.challenge-family.com\/challenge-family\/wp-content\/uploads\/sites\/75\/2024\/05\/cropped-ChallengeFamily_PrimaryLogo_Horizontal_RGB_OnDark-1-1.png\",\"contentUrl\":\"https:\/\/www.challenge-family.com\/challenge-family\/wp-content\/uploads\/sites\/75\/2024\/05\/cropped-ChallengeFamily_PrimaryLogo_Horizontal_RGB_OnDark-1-1.png\",\"width\":2000,\"height\":473,\"caption\":\"Challenge Family\"},\"image\":{\"@id\":\"https:\/\/www.challenge-family.com\/challenge-family\/#\/schema\/logo\/image\/\"}}]}<\/script>\n<!-- \/ Yoast SEO plugin. -->","yoast_head_json":{"title":"Challenge Family Returns to North America with the Announcement of SAIL Challenge Cap Qu\u00e9bec - Challenge Family","robots":{"index":"index","follow":"follow","max-snippet":"max-snippet:-1","max-image-preview":"max-image-preview:large","max-video-preview":"max-video-preview:-1"},"canonical":"https:\/\/www.challenge-family.com\/challenge-family\/news\/challenge-family-returns-to-north-america-with-the-announcement-of-sail-challenge-cap-quebec\/","og_locale":"en_US","og_type":"article","og_title":"Challenge Family Returns to North America with the Announcement of SAIL Challenge Cap Qu\u00e9bec - Challenge Family","og_description":"Challenge Family has made a decisive return to North America with today\u2019s announcement of the major new middle distance race, SAIL Challenge Cap Qu\u00e9bec powered by Argon 18, set in the heart of the Canadian UNESCO World Heritage city. Set to take place on 19-21 July 2024, SAIL Challenge Cap Qu\u00e9bec will bring the athlete-centric [&hellip;]","og_url":"https:\/\/www.challenge-family.com\/challenge-family\/news\/challenge-family-returns-to-north-america-with-the-announcement-of-sail-challenge-cap-quebec\/","og_site_name":"Challenge Family","article_modified_time":"2024-05-29T15:32:10+00:00","og_image":[{"width":1500,"height":1000,"url":"https:\/\/www.challenge-family.com\/challenge-family\/wp-content\/uploads\/sites\/75\/2024\/05\/credit_jeff-frenette-photography-3.jpg","type":"image\/jpeg"}],"twitter_card":"summary_large_image","twitter_misc":{"Est. reading time":"4 minutes"},"schema":{"@context":"https:\/\/schema.org","@graph":[{"@type":"WebPage","@id":"https:\/\/www.challenge-family.com\/challenge-family\/news\/challenge-family-returns-to-north-america-with-the-announcement-of-sail-challenge-cap-quebec\/","url":"https:\/\/www.challenge-family.com\/challenge-family\/news\/challenge-family-returns-to-north-america-with-the-announcement-of-sail-challenge-cap-quebec\/","name":"Challenge Family Returns to North America with the Announcement of SAIL Challenge Cap Qu\u00e9bec - Challenge Family","isPartOf":{"@id":"https:\/\/www.challenge-family.com\/challenge-family\/#website"},"primaryImageOfPage":{"@id":"https:\/\/www.challenge-family.com\/challenge-family\/news\/challenge-family-returns-to-north-america-with-the-announcement-of-sail-challenge-cap-quebec\/#primaryimage"},"image":{"@id":"https:\/\/www.challenge-family.com\/challenge-family\/news\/challenge-family-returns-to-north-america-with-the-announcement-of-sail-challenge-cap-quebec\/#primaryimage"},"thumbnailUrl":"https:\/\/www.challenge-family.com\/challenge-family\/wp-content\/uploads\/sites\/75\/2024\/05\/credit_jeff-frenette-photography-3.jpg","datePublished":"2023-09-26T15:00:50+00:00","dateModified":"2024-05-29T15:32:10+00:00","breadcrumb":{"@id":"https:\/\/www.challenge-family.com\/challenge-family\/news\/challenge-family-returns-to-north-america-with-the-announcement-of-sail-challenge-cap-quebec\/#breadcrumb"},"inLanguage":"en-US","potentialAction":[{"@type":"ReadAction","target":["https:\/\/www.challenge-family.com\/challenge-family\/news\/challenge-family-returns-to-north-america-with-the-announcement-of-sail-challenge-cap-quebec\/"]}]},{"@type":"ImageObject","inLanguage":"en-US","@id":"https:\/\/www.challenge-family.com\/challenge-family\/news\/challenge-family-returns-to-north-america-with-the-announcement-of-sail-challenge-cap-quebec\/#primaryimage","url":"https:\/\/www.challenge-family.com\/challenge-family\/wp-content\/uploads\/sites\/75\/2024\/05\/credit_jeff-frenette-photography-3.jpg","contentUrl":"https:\/\/www.challenge-family.com\/challenge-family\/wp-content\/uploads\/sites\/75\/2024\/05\/credit_jeff-frenette-photography-3.jpg","width":1500,"height":1000,"caption":"vue du vieux-quebec a partir du port de quebec on y voit le chateau frontenac et l'edifice price - ete"},{"@type":"BreadcrumbList","@id":"https:\/\/www.challenge-family.com\/challenge-family\/news\/challenge-family-returns-to-north-america-with-the-announcement-of-sail-challenge-cap-quebec\/#breadcrumb","itemListElement":[{"@type":"ListItem","position":1,"name":"Home","item":"https:\/\/www.challenge-family.com\/challenge-family\/"},{"@type":"ListItem","position":2,"name":"Challenge Family Returns to North America with the Announcement of SAIL Challenge Cap Qu\u00e9bec"}]},{"@type":"WebSite","@id":"https:\/\/www.challenge-family.com\/challenge-family\/#website","url":"https:\/\/www.challenge-family.com\/challenge-family\/","name":"Challenge Family","description":"Every Athlete, Every Challenge","publisher":{"@id":"https:\/\/www.challenge-family.com\/challenge-family\/#organization"},"potentialAction":[{"@type":"SearchAction","target":{"@type":"EntryPoint","urlTemplate":"https:\/\/www.challenge-family.com\/challenge-family\/?s={search_term_string}"},"query-input":{"@type":"PropertyValueSpecification","valueRequired":true,"valueName":"search_term_string"}}],"inLanguage":"en-US"},{"@type":"Organization","@id":"https:\/\/www.challenge-family.com\/challenge-family\/#organization","name":"Challenge Family","url":"https:\/\/www.challenge-family.com\/challenge-family\/","logo":{"@type":"ImageObject","inLanguage":"en-US","@id":"https:\/\/www.challenge-family.com\/challenge-family\/#\/schema\/logo\/image\/","url":"https:\/\/www.challenge-family.com\/challenge-family\/wp-content\/uploads\/sites\/75\/2024\/05\/cropped-ChallengeFamily_PrimaryLogo_Horizontal_RGB_OnDark-1-1.png","contentUrl":"https:\/\/www.challenge-family.com\/challenge-family\/wp-content\/uploads\/sites\/75\/2024\/05\/cropped-ChallengeFamily_PrimaryLogo_Horizontal_RGB_OnDark-1-1.png","width":2000,"height":473,"caption":"Challenge Family"},"image":{"@id":"https:\/\/www.challenge-family.com\/challenge-family\/#\/schema\/logo\/image\/"}}]}},"acf":[],"_links":{"self":[{"href":"https:\/\/www.challenge-family.com\/challenge-family\/wp-json\/wp\/v2\/news\/19605"}],"collection":[{"href":"https:\/\/www.challenge-family.com\/challenge-family\/wp-json\/wp\/v2\/news"}],"about":[{"href":"https:\/\/www.challenge-family.com\/challenge-family\/wp-json\/wp\/v2\/types\/news"}],"author":[{"embeddable":true,"href":"https:\/\/www.challenge-family.com\/challenge-family\/wp-json\/wp\/v2\/users\/120"}],"replies":[{"embeddable":true,"href":"https:\/\/www.challenge-family.com\/challenge-family\/wp-json\/wp\/v2\/comments?post=19605"}],"version-history":[{"count":1,"href":"https:\/\/www.challenge-family.com\/challenge-family\/wp-json\/wp\/v2\/news\/19605\/revisions"}],"predecessor-version":[{"id":20491,"href":"https:\/\/www.challenge-family.com\/challenge-family\/wp-json\/wp\/v2\/news\/19605\/revisions\/20491"}],"wp:featuredmedia":[{"embeddable":true,"href":"https:\/\/www.challenge-family.com\/challenge-family\/wp-json\/wp\/v2\/media\/19606"}],"wp:attachment":[{"href":"https:\/\/www.challenge-family.com\/challenge-family\/wp-json\/wp\/v2\/media?parent=19605"}],"wp:term":[{"taxonomy":"category","embeddable":true,"href":"https:\/\/www.challenge-family.com\/challenge-family\/wp-json\/wp\/v2\/categories?post=19605"},{"taxonomy":"post_tag","embeddable":true,"href":"https:\/\/www.challenge-family.com\/challenge-family\/wp-json\/wp\/v2\/tags?post=19605"}],"curies":[{"name":"wp","href":"https:\/\/api.w.org\/{rel}","templated":true}]}}