{"id":19161,"date":"2023-05-02T10:55:02","date_gmt":"2023-05-02T10:55:02","guid":{"rendered":"https:\/\/www.challenge-family.com\/challenge-family\/uncategorized\/long-course-legends-to-race-inaugural-challenge-frejus\/"},"modified":"2024-05-29T15:37:24","modified_gmt":"2024-05-29T15:37:24","slug":"long-course-legends-to-race-inaugural-challenge-frejus","status":"publish","type":"news","link":"https:\/\/www.challenge-family.com\/challenge-family\/news\/long-course-legends-to-race-inaugural-challenge-frejus\/","title":{"rendered":"Long course legends to race inaugural Challenge Fr\u00e9jus"},"content":{"rendered":"<p>Challenge Family racing returns to France on 14 May with the first of its French Riviera races over the middle distance, Eko\u00ef Challenge Fr\u00e9jus. The second race in the region, Challenge Cagnes-sur-Mer, will take place on 11 June.<\/p>\n<p>The 20-strong Eko\u00ef Challenge Fr\u00e9jus men\u2019s pro field is headed by Sebastian Kienle (GER), as he continues to cherry pick his races of choice in his final year of professional racing, and Rudy von Berg (USA), fresh off his win in Texas. They are joined by French long-course legend, Cyril Viennot, now in his 40s but with seven long distance titles, including a world championship, to his name and a crowd favourite in these parts. Also lining up, and for his first race of the season, is William Mennesson (FRA) following a successful 2022 that saw podiums in Mallorca, Nice and Challenge Sanremo.<\/p>\n<p>In the women\u2019s field, South African Magda Nieuwoudt is the favourite on paper with two podiums in her home country and a sixth at DATEV Challenge Roth in 2022. She\u2019ll be lining up alongside Anneka Timm (GER) and French newcomers, Nikita Paskiewiez and Aur\u00e9lia Boulanger, plus Lilli Gelmini (ITA).<\/p>\n<p>As well as the flagship middle distance race on the Saturday, Challenge Fr\u00e9jus also features French Grand Prix racing on the Saturday with over 1,200 triathletes arriving in the Mediterranean port town, halfway between Cannes and St Tropez. The 1.9km swim sets off from the golden sands of Fr\u00e9jus beach. The 90km bike takes in the beautiful Var countryside, through vineyards, picturesque stone villages and includes a climb up the Col du Bougnon with its stunning views of the Gulf of St Tropez. The run is fast and flat before finishing in the Fran\u00e7ois L\u00e9otard Nature Park.<\/p>\n<p>The Eko\u00ef Challenge Fr\u00e9jus start gun goes off at 7:00am CEST on Sunday 14 May. Live updates and timing can be found at <a href=\"http:\/\/www.challenge-family.live\">www.challenge-family.live<\/a>. For further information, visit <a href=\"http:\/\/www.challenge-frejus.com\">www.challenge-frejus.com<\/a>.<\/p>\n","protected":false},"excerpt":{"rendered":"<p>Challenge Family racing returns to France on 14 May with the first of its French Riviera races over the middle distance, Eko\u00ef Challenge Fr\u00e9jus. The second race in the region, Challenge Cagnes-sur-Mer, will take place on 11 June. The 20-strong Eko\u00ef Challenge Fr\u00e9jus men\u2019s pro field is headed by Sebastian Kienle (GER), as he continues [&hellip;]<\/p>\n","protected":false},"author":120,"featured_media":19162,"menu_order":0,"comment_status":"open","ping_status":"open","template":"","format":"standard","meta":{"_acf_changed":false,"footnotes":""},"categories":[21],"tags":[],"class_list":["post-19161","news","type-news","status-publish","format-standard","has-post-thumbnail","hentry","category-news"],"yoast_head":"<!-- This site is optimized with the Yoast SEO plugin v25.6 - https:\/\/yoast.com\/wordpress\/plugins\/seo\/ -->\n<title>Long course legends to race inaugural Challenge Fr\u00e9jus - Challenge Family<\/title>\n<meta name=\"robots\" content=\"index, follow, max-snippet:-1, max-image-preview:large, max-video-preview:-1\" \/>\n<link rel=\"canonical\" href=\"https:\/\/www.challenge-family.com\/challenge-family\/news\/long-course-legends-to-race-inaugural-challenge-frejus\/\" \/>\n<meta property=\"og:locale\" content=\"en_US\" \/>\n<meta property=\"og:type\" content=\"article\" \/>\n<meta property=\"og:title\" content=\"Long course legends to race inaugural Challenge Fr\u00e9jus - Challenge Family\" \/>\n<meta property=\"og:description\" content=\"Challenge Family racing returns to France on 14 May with the first of its French Riviera races over the middle distance, Eko\u00ef Challenge Fr\u00e9jus. The second race in the region, Challenge Cagnes-sur-Mer, will take place on 11 June. The 20-strong Eko\u00ef Challenge Fr\u00e9jus men\u2019s pro field is headed by Sebastian Kienle (GER), as he continues [&hellip;]\" \/>\n<meta property=\"og:url\" content=\"https:\/\/www.challenge-family.com\/challenge-family\/news\/long-course-legends-to-race-inaugural-challenge-frejus\/\" \/>\n<meta property=\"og:site_name\" content=\"Challenge Family\" \/>\n<meta property=\"article:modified_time\" content=\"2024-05-29T15:37:24+00:00\" \/>\n<meta property=\"og:image\" content=\"https:\/\/www.challenge-family.com\/challenge-family\/wp-content\/uploads\/sites\/75\/2024\/05\/frejus-marina.jpeg\" \/>\n\t<meta property=\"og:image:width\" content=\"1500\" \/>\n\t<meta property=\"og:image:height\" content=\"1000\" \/>\n\t<meta property=\"og:image:type\" content=\"image\/jpeg\" \/>\n<meta name=\"twitter:card\" content=\"summary_large_image\" \/>\n<meta name=\"twitter:label1\" content=\"Est. reading time\" \/>\n\t<meta name=\"twitter:data1\" content=\"2 minutes\" \/>\n<script type=\"application\/ld+json\" class=\"yoast-schema-graph\">{\"@context\":\"https:\/\/schema.org\",\"@graph\":[{\"@type\":\"WebPage\",\"@id\":\"https:\/\/www.challenge-family.com\/challenge-family\/news\/long-course-legends-to-race-inaugural-challenge-frejus\/\",\"url\":\"https:\/\/www.challenge-family.com\/challenge-family\/news\/long-course-legends-to-race-inaugural-challenge-frejus\/\",\"name\":\"Long course legends to race inaugural Challenge Fr\u00e9jus - Challenge Family\",\"isPartOf\":{\"@id\":\"https:\/\/www.challenge-family.com\/challenge-family\/#website\"},\"primaryImageOfPage\":{\"@id\":\"https:\/\/www.challenge-family.com\/challenge-family\/news\/long-course-legends-to-race-inaugural-challenge-frejus\/#primaryimage\"},\"image\":{\"@id\":\"https:\/\/www.challenge-family.com\/challenge-family\/news\/long-course-legends-to-race-inaugural-challenge-frejus\/#primaryimage\"},\"thumbnailUrl\":\"https:\/\/www.challenge-family.com\/challenge-family\/wp-content\/uploads\/sites\/75\/2024\/05\/frejus-marina.jpeg\",\"datePublished\":\"2023-05-02T10:55:02+00:00\",\"dateModified\":\"2024-05-29T15:37:24+00:00\",\"breadcrumb\":{\"@id\":\"https:\/\/www.challenge-family.com\/challenge-family\/news\/long-course-legends-to-race-inaugural-challenge-frejus\/#breadcrumb\"},\"inLanguage\":\"en-US\",\"potentialAction\":[{\"@type\":\"ReadAction\",\"target\":[\"https:\/\/www.challenge-family.com\/challenge-family\/news\/long-course-legends-to-race-inaugural-challenge-frejus\/\"]}]},{\"@type\":\"ImageObject\",\"inLanguage\":\"en-US\",\"@id\":\"https:\/\/www.challenge-family.com\/challenge-family\/news\/long-course-legends-to-race-inaugural-challenge-frejus\/#primaryimage\",\"url\":\"https:\/\/www.challenge-family.com\/challenge-family\/wp-content\/uploads\/sites\/75\/2024\/05\/frejus-marina.jpeg\",\"contentUrl\":\"https:\/\/www.challenge-family.com\/challenge-family\/wp-content\/uploads\/sites\/75\/2024\/05\/frejus-marina.jpeg\",\"width\":1500,\"height\":1000},{\"@type\":\"BreadcrumbList\",\"@id\":\"https:\/\/www.challenge-family.com\/challenge-family\/news\/long-course-legends-to-race-inaugural-challenge-frejus\/#breadcrumb\",\"itemListElement\":[{\"@type\":\"ListItem\",\"position\":1,\"name\":\"Home\",\"item\":\"https:\/\/www.challenge-family.com\/challenge-family\/\"},{\"@type\":\"ListItem\",\"position\":2,\"name\":\"Long course legends to race inaugural Challenge Fr\u00e9jus\"}]},{\"@type\":\"WebSite\",\"@id\":\"https:\/\/www.challenge-family.com\/challenge-family\/#website\",\"url\":\"https:\/\/www.challenge-family.com\/challenge-family\/\",\"name\":\"Challenge Family\",\"description\":\"Every Athlete, Every Challenge\",\"publisher\":{\"@id\":\"https:\/\/www.challenge-family.com\/challenge-family\/#organization\"},\"potentialAction\":[{\"@type\":\"SearchAction\",\"target\":{\"@type\":\"EntryPoint\",\"urlTemplate\":\"https:\/\/www.challenge-family.com\/challenge-family\/?s={search_term_string}\"},\"query-input\":{\"@type\":\"PropertyValueSpecification\",\"valueRequired\":true,\"valueName\":\"search_term_string\"}}],\"inLanguage\":\"en-US\"},{\"@type\":\"Organization\",\"@id\":\"https:\/\/www.challenge-family.com\/challenge-family\/#organization\",\"name\":\"Challenge Family\",\"url\":\"https:\/\/www.challenge-family.com\/challenge-family\/\",\"logo\":{\"@type\":\"ImageObject\",\"inLanguage\":\"en-US\",\"@id\":\"https:\/\/www.challenge-family.com\/challenge-family\/#\/schema\/logo\/image\/\",\"url\":\"https:\/\/www.challenge-family.com\/challenge-family\/wp-content\/uploads\/sites\/75\/2024\/05\/cropped-ChallengeFamily_PrimaryLogo_Horizontal_RGB_OnDark-1-1.png\",\"contentUrl\":\"https:\/\/www.challenge-family.com\/challenge-family\/wp-content\/uploads\/sites\/75\/2024\/05\/cropped-ChallengeFamily_PrimaryLogo_Horizontal_RGB_OnDark-1-1.png\",\"width\":2000,\"height\":473,\"caption\":\"Challenge Family\"},\"image\":{\"@id\":\"https:\/\/www.challenge-family.com\/challenge-family\/#\/schema\/logo\/image\/\"}}]}<\/script>\n<!-- \/ Yoast SEO plugin. -->","yoast_head_json":{"title":"Long course legends to race inaugural Challenge Fr\u00e9jus - Challenge Family","robots":{"index":"index","follow":"follow","max-snippet":"max-snippet:-1","max-image-preview":"max-image-preview:large","max-video-preview":"max-video-preview:-1"},"canonical":"https:\/\/www.challenge-family.com\/challenge-family\/news\/long-course-legends-to-race-inaugural-challenge-frejus\/","og_locale":"en_US","og_type":"article","og_title":"Long course legends to race inaugural Challenge Fr\u00e9jus - Challenge Family","og_description":"Challenge Family racing returns to France on 14 May with the first of its French Riviera races over the middle distance, Eko\u00ef Challenge Fr\u00e9jus. The second race in the region, Challenge Cagnes-sur-Mer, will take place on 11 June. The 20-strong Eko\u00ef Challenge Fr\u00e9jus men\u2019s pro field is headed by Sebastian Kienle (GER), as he continues [&hellip;]","og_url":"https:\/\/www.challenge-family.com\/challenge-family\/news\/long-course-legends-to-race-inaugural-challenge-frejus\/","og_site_name":"Challenge Family","article_modified_time":"2024-05-29T15:37:24+00:00","og_image":[{"width":1500,"height":1000,"url":"https:\/\/www.challenge-family.com\/challenge-family\/wp-content\/uploads\/sites\/75\/2024\/05\/frejus-marina.jpeg","type":"image\/jpeg"}],"twitter_card":"summary_large_image","twitter_misc":{"Est. reading time":"2 minutes"},"schema":{"@context":"https:\/\/schema.org","@graph":[{"@type":"WebPage","@id":"https:\/\/www.challenge-family.com\/challenge-family\/news\/long-course-legends-to-race-inaugural-challenge-frejus\/","url":"https:\/\/www.challenge-family.com\/challenge-family\/news\/long-course-legends-to-race-inaugural-challenge-frejus\/","name":"Long course legends to race inaugural Challenge Fr\u00e9jus - Challenge Family","isPartOf":{"@id":"https:\/\/www.challenge-family.com\/challenge-family\/#website"},"primaryImageOfPage":{"@id":"https:\/\/www.challenge-family.com\/challenge-family\/news\/long-course-legends-to-race-inaugural-challenge-frejus\/#primaryimage"},"image":{"@id":"https:\/\/www.challenge-family.com\/challenge-family\/news\/long-course-legends-to-race-inaugural-challenge-frejus\/#primaryimage"},"thumbnailUrl":"https:\/\/www.challenge-family.com\/challenge-family\/wp-content\/uploads\/sites\/75\/2024\/05\/frejus-marina.jpeg","datePublished":"2023-05-02T10:55:02+00:00","dateModified":"2024-05-29T15:37:24+00:00","breadcrumb":{"@id":"https:\/\/www.challenge-family.com\/challenge-family\/news\/long-course-legends-to-race-inaugural-challenge-frejus\/#breadcrumb"},"inLanguage":"en-US","potentialAction":[{"@type":"ReadAction","target":["https:\/\/www.challenge-family.com\/challenge-family\/news\/long-course-legends-to-race-inaugural-challenge-frejus\/"]}]},{"@type":"ImageObject","inLanguage":"en-US","@id":"https:\/\/www.challenge-family.com\/challenge-family\/news\/long-course-legends-to-race-inaugural-challenge-frejus\/#primaryimage","url":"https:\/\/www.challenge-family.com\/challenge-family\/wp-content\/uploads\/sites\/75\/2024\/05\/frejus-marina.jpeg","contentUrl":"https:\/\/www.challenge-family.com\/challenge-family\/wp-content\/uploads\/sites\/75\/2024\/05\/frejus-marina.jpeg","width":1500,"height":1000},{"@type":"BreadcrumbList","@id":"https:\/\/www.challenge-family.com\/challenge-family\/news\/long-course-legends-to-race-inaugural-challenge-frejus\/#breadcrumb","itemListElement":[{"@type":"ListItem","position":1,"name":"Home","item":"https:\/\/www.challenge-family.com\/challenge-family\/"},{"@type":"ListItem","position":2,"name":"Long course legends to race inaugural Challenge Fr\u00e9jus"}]},{"@type":"WebSite","@id":"https:\/\/www.challenge-family.com\/challenge-family\/#website","url":"https:\/\/www.challenge-family.com\/challenge-family\/","name":"Challenge Family","description":"Every Athlete, Every Challenge","publisher":{"@id":"https:\/\/www.challenge-family.com\/challenge-family\/#organization"},"potentialAction":[{"@type":"SearchAction","target":{"@type":"EntryPoint","urlTemplate":"https:\/\/www.challenge-family.com\/challenge-family\/?s={search_term_string}"},"query-input":{"@type":"PropertyValueSpecification","valueRequired":true,"valueName":"search_term_string"}}],"inLanguage":"en-US"},{"@type":"Organization","@id":"https:\/\/www.challenge-family.com\/challenge-family\/#organization","name":"Challenge Family","url":"https:\/\/www.challenge-family.com\/challenge-family\/","logo":{"@type":"ImageObject","inLanguage":"en-US","@id":"https:\/\/www.challenge-family.com\/challenge-family\/#\/schema\/logo\/image\/","url":"https:\/\/www.challenge-family.com\/challenge-family\/wp-content\/uploads\/sites\/75\/2024\/05\/cropped-ChallengeFamily_PrimaryLogo_Horizontal_RGB_OnDark-1-1.png","contentUrl":"https:\/\/www.challenge-family.com\/challenge-family\/wp-content\/uploads\/sites\/75\/2024\/05\/cropped-ChallengeFamily_PrimaryLogo_Horizontal_RGB_OnDark-1-1.png","width":2000,"height":473,"caption":"Challenge Family"},"image":{"@id":"https:\/\/www.challenge-family.com\/challenge-family\/#\/schema\/logo\/image\/"}}]}},"acf":[],"_links":{"self":[{"href":"https:\/\/www.challenge-family.com\/challenge-family\/wp-json\/wp\/v2\/news\/19161"}],"collection":[{"href":"https:\/\/www.challenge-family.com\/challenge-family\/wp-json\/wp\/v2\/news"}],"about":[{"href":"https:\/\/www.challenge-family.com\/challenge-family\/wp-json\/wp\/v2\/types\/news"}],"author":[{"embeddable":true,"href":"https:\/\/www.challenge-family.com\/challenge-family\/wp-json\/wp\/v2\/users\/120"}],"replies":[{"embeddable":true,"href":"https:\/\/www.challenge-family.com\/challenge-family\/wp-json\/wp\/v2\/comments?post=19161"}],"version-history":[{"count":1,"href":"https:\/\/www.challenge-family.com\/challenge-family\/wp-json\/wp\/v2\/news\/19161\/revisions"}],"predecessor-version":[{"id":20595,"href":"https:\/\/www.challenge-family.com\/challenge-family\/wp-json\/wp\/v2\/news\/19161\/revisions\/20595"}],"wp:featuredmedia":[{"embeddable":true,"href":"https:\/\/www.challenge-family.com\/challenge-family\/wp-json\/wp\/v2\/media\/19162"}],"wp:attachment":[{"href":"https:\/\/www.challenge-family.com\/challenge-family\/wp-json\/wp\/v2\/media?parent=19161"}],"wp:term":[{"taxonomy":"category","embeddable":true,"href":"https:\/\/www.challenge-family.com\/challenge-family\/wp-json\/wp\/v2\/categories?post=19161"},{"taxonomy":"post_tag","embeddable":true,"href":"https:\/\/www.challenge-family.com\/challenge-family\/wp-json\/wp\/v2\/tags?post=19161"}],"curies":[{"name":"wp","href":"https:\/\/api.w.org\/{rel}","templated":true}]}}