{"id":17923,"date":"2019-10-22T06:54:55","date_gmt":"2019-10-22T06:54:55","guid":{"rendered":"https:\/\/www.challenge-family.com\/challenge-family\/uncategorized\/pieter-heemeryck-and-radka-kahlefeldt-claim-victory-at-the-sixth-edition-of-challenge-peguera-mallorca-2019\/"},"modified":"2024-05-29T15:46:14","modified_gmt":"2024-05-29T15:46:14","slug":"pieter-heemeryck-and-radka-kahlefeldt-claim-victory-at-the-sixth-edition-of-challenge-peguera-mallorca-2019","status":"publish","type":"news","link":"https:\/\/www.challenge-family.com\/challenge-family\/news\/pieter-heemeryck-and-radka-kahlefeldt-claim-victory-at-the-sixth-edition-of-challenge-peguera-mallorca-2019\/","title":{"rendered":"Pieter Heemeryck and Radka Kahlefeldt claim victory at the sixth edition of  Challenge Peguera-Mallorca 2019"},"content":{"rendered":"<p>Pieter Heemeryck (BEL) and Radka Kahlefeldt (CZE) claimed victory at the sixth edition of <strong><em>CHALLENGE<\/em><\/strong><em>PEGUERA-MALLORCA<\/em><strong> 2019<\/strong>.<\/p>\n<p>The race kicked off on Saturday, October 19 at 9 am at Tor\u00e0 Beach in Peguera. Having completed a 1.9km swim, athletes left the transition zone to start a 90km bike course with 950m of positive climbing, and finished the race with a half marathon run (21,1km).<\/p>\n<p>Typical for Peguera, weather conditions were perfect as sunshine welcomed athletes to the start line and accompanied them throughout the race.<\/p>\n<p><strong>MEN<\/strong><\/p>\n<p>Pieter Heemeryck took the win in 03:49:57 after an incredible performance, beating Austrian Thomas Steger (03:54:13) and Ruedi Wild from Switzerland (03:56:09), who was third to cross the line.<\/p>\n<p><strong>WOMEN<\/strong><\/p>\n<p>Radka Kahlefeldt (CZE) claimed victory in the women\u2019s race. She finished in 04:21:42 with a huge lead on the chasing pack, Jeanne Collonge from France (04:27:34) and Austrian Lisa H\u00fctthaler (04:28:59).<\/p>\n<p><strong>Complete results:<\/strong><\/p>\n<p><a href=\"https:\/\/statico.trackingsport.com\/resultados\/resultados.html?key=ZXY9NjM1\">https:\/\/statico.trackingsport.com\/resultados\/resultados.html?key=ZXY9NjM1\u00a0<\/a><\/p>\n<p>The organization of <strong><em>CHALLENGE<\/em><\/strong><em>PEGUERA-MALLORCA<\/em> deeply regrets the passing of one of the participants and wishes to reiterate its deepest sympathy and condolences to the family of the athlete.<br \/>\nOut of respect for the family, it was decided to suspend all acts of celebration and only hold the sporting events and awards ceremony in the afternoon.<\/p>\n<p><strong>SPONSORS<\/strong><\/p>\n<p>The organization wants to thank once again the indispensable collaboration of Ajuntament de Calvi\u00e0, Fundaci\u00f3 Mallorca Turisme, Paguera Sportregion, Asociaci\u00f3n Hotelera de Paguera y Cala Fornells, Federaci\u00f3n Espa\u00f1ola de triatl\u00f3n, Federaci\u00f3n Balear de triatl\u00f3n, Powerbar, Zoot, Fibwi, Sport No Limit Travel, Imprima Retolaci\u00f3, Transmediterranea, Naviera Armas, Mar Balear, Miguel Socias e hijos, Marathon Photos, Zoea Mallorca, Quely, COMGEBAL, Happy Gym Magaluf, Puerto Portals, Amazonia EU, Pepsi, Red Bull.<\/p>\n<p>Web: <a href=\"http:\/\/www.challenge-mallorca.com\/\">www.challenge-mallorca.com<\/a><br \/>\nMail: <a href=\"mailto:info@challenge-mallorca.com\">info@challenge-mallorca.com<\/a><br \/>\nFacebook: <a href=\"http:\/\/www.facebook.com\/challengepegueramallorca\">www.facebook.com\/challengepegueramallorca<\/a><br \/>\nPress: <a href=\"http:\/\/www.challenge-mallorca.com\/press\/\">http:\/\/www.challenge-mallorca.com\/press\/<\/a><\/p>\n","protected":false},"excerpt":{"rendered":"<p>Pieter Heemeryck (BEL) and Radka Kahlefeldt (CZE) claimed victory at the sixth edition of CHALLENGEPEGUERA-MALLORCA 2019. The race kicked off on Saturday, October 19 at 9 am at Tor\u00e0 Beach in Peguera. Having completed a 1.9km swim, athletes left the transition zone to start a 90km bike course with 950m of positive climbing, and finished [&hellip;]<\/p>\n","protected":false},"author":37,"featured_media":17924,"menu_order":0,"comment_status":"open","ping_status":"open","template":"","format":"standard","meta":{"_acf_changed":false,"footnotes":""},"categories":[21],"tags":[25,71],"class_list":["post-17923","news","type-news","status-publish","format-standard","has-post-thumbnail","hentry","category-news","tag-challenge-family","tag-challenge-peguera-mallorca"],"yoast_head":"<!-- This site is optimized with the Yoast SEO plugin v25.6 - https:\/\/yoast.com\/wordpress\/plugins\/seo\/ -->\n<title>Pieter Heemeryck and Radka Kahlefeldt claim victory at the sixth edition of Challenge Peguera-Mallorca 2019 - Challenge Family<\/title>\n<meta name=\"robots\" content=\"index, follow, max-snippet:-1, max-image-preview:large, max-video-preview:-1\" \/>\n<link rel=\"canonical\" href=\"https:\/\/www.challenge-family.com\/challenge-family\/news\/pieter-heemeryck-and-radka-kahlefeldt-claim-victory-at-the-sixth-edition-of-challenge-peguera-mallorca-2019\/\" \/>\n<meta property=\"og:locale\" content=\"en_US\" \/>\n<meta property=\"og:type\" content=\"article\" \/>\n<meta property=\"og:title\" content=\"Pieter Heemeryck and Radka Kahlefeldt claim victory at the sixth edition of Challenge Peguera-Mallorca 2019 - Challenge Family\" \/>\n<meta property=\"og:description\" content=\"Pieter Heemeryck (BEL) and Radka Kahlefeldt (CZE) claimed victory at the sixth edition of CHALLENGEPEGUERA-MALLORCA 2019. The race kicked off on Saturday, October 19 at 9 am at Tor\u00e0 Beach in Peguera. Having completed a 1.9km swim, athletes left the transition zone to start a 90km bike course with 950m of positive climbing, and finished [&hellip;]\" \/>\n<meta property=\"og:url\" content=\"https:\/\/www.challenge-family.com\/challenge-family\/news\/pieter-heemeryck-and-radka-kahlefeldt-claim-victory-at-the-sixth-edition-of-challenge-peguera-mallorca-2019\/\" \/>\n<meta property=\"og:site_name\" content=\"Challenge Family\" \/>\n<meta property=\"article:modified_time\" content=\"2024-05-29T15:46:14+00:00\" \/>\n<meta property=\"og:image\" content=\"https:\/\/www.challenge-family.com\/challenge-family\/wp-content\/uploads\/sites\/75\/2024\/05\/416a10451.jpg\" \/>\n\t<meta property=\"og:image:width\" content=\"1920\" \/>\n\t<meta property=\"og:image:height\" content=\"1284\" \/>\n\t<meta property=\"og:image:type\" content=\"image\/jpeg\" \/>\n<meta name=\"twitter:card\" content=\"summary_large_image\" \/>\n<meta name=\"twitter:label1\" content=\"Est. reading time\" \/>\n\t<meta name=\"twitter:data1\" content=\"2 minutes\" \/>\n<script type=\"application\/ld+json\" class=\"yoast-schema-graph\">{\"@context\":\"https:\/\/schema.org\",\"@graph\":[{\"@type\":\"WebPage\",\"@id\":\"https:\/\/www.challenge-family.com\/challenge-family\/news\/pieter-heemeryck-and-radka-kahlefeldt-claim-victory-at-the-sixth-edition-of-challenge-peguera-mallorca-2019\/\",\"url\":\"https:\/\/www.challenge-family.com\/challenge-family\/news\/pieter-heemeryck-and-radka-kahlefeldt-claim-victory-at-the-sixth-edition-of-challenge-peguera-mallorca-2019\/\",\"name\":\"Pieter Heemeryck and Radka Kahlefeldt claim victory at the sixth edition of Challenge Peguera-Mallorca 2019 - Challenge Family\",\"isPartOf\":{\"@id\":\"https:\/\/www.challenge-family.com\/challenge-family\/#website\"},\"primaryImageOfPage\":{\"@id\":\"https:\/\/www.challenge-family.com\/challenge-family\/news\/pieter-heemeryck-and-radka-kahlefeldt-claim-victory-at-the-sixth-edition-of-challenge-peguera-mallorca-2019\/#primaryimage\"},\"image\":{\"@id\":\"https:\/\/www.challenge-family.com\/challenge-family\/news\/pieter-heemeryck-and-radka-kahlefeldt-claim-victory-at-the-sixth-edition-of-challenge-peguera-mallorca-2019\/#primaryimage\"},\"thumbnailUrl\":\"https:\/\/www.challenge-family.com\/challenge-family\/wp-content\/uploads\/sites\/75\/2024\/05\/416a10451.jpg\",\"datePublished\":\"2019-10-22T06:54:55+00:00\",\"dateModified\":\"2024-05-29T15:46:14+00:00\",\"breadcrumb\":{\"@id\":\"https:\/\/www.challenge-family.com\/challenge-family\/news\/pieter-heemeryck-and-radka-kahlefeldt-claim-victory-at-the-sixth-edition-of-challenge-peguera-mallorca-2019\/#breadcrumb\"},\"inLanguage\":\"en-US\",\"potentialAction\":[{\"@type\":\"ReadAction\",\"target\":[\"https:\/\/www.challenge-family.com\/challenge-family\/news\/pieter-heemeryck-and-radka-kahlefeldt-claim-victory-at-the-sixth-edition-of-challenge-peguera-mallorca-2019\/\"]}]},{\"@type\":\"ImageObject\",\"inLanguage\":\"en-US\",\"@id\":\"https:\/\/www.challenge-family.com\/challenge-family\/news\/pieter-heemeryck-and-radka-kahlefeldt-claim-victory-at-the-sixth-edition-of-challenge-peguera-mallorca-2019\/#primaryimage\",\"url\":\"https:\/\/www.challenge-family.com\/challenge-family\/wp-content\/uploads\/sites\/75\/2024\/05\/416a10451.jpg\",\"contentUrl\":\"https:\/\/www.challenge-family.com\/challenge-family\/wp-content\/uploads\/sites\/75\/2024\/05\/416a10451.jpg\",\"width\":1920,\"height\":1284},{\"@type\":\"BreadcrumbList\",\"@id\":\"https:\/\/www.challenge-family.com\/challenge-family\/news\/pieter-heemeryck-and-radka-kahlefeldt-claim-victory-at-the-sixth-edition-of-challenge-peguera-mallorca-2019\/#breadcrumb\",\"itemListElement\":[{\"@type\":\"ListItem\",\"position\":1,\"name\":\"Home\",\"item\":\"https:\/\/www.challenge-family.com\/challenge-family\/\"},{\"@type\":\"ListItem\",\"position\":2,\"name\":\"Pieter Heemeryck and Radka Kahlefeldt claim victory at the sixth edition of Challenge Peguera-Mallorca 2019\"}]},{\"@type\":\"WebSite\",\"@id\":\"https:\/\/www.challenge-family.com\/challenge-family\/#website\",\"url\":\"https:\/\/www.challenge-family.com\/challenge-family\/\",\"name\":\"Challenge Family\",\"description\":\"Every Athlete, Every Challenge\",\"publisher\":{\"@id\":\"https:\/\/www.challenge-family.com\/challenge-family\/#organization\"},\"potentialAction\":[{\"@type\":\"SearchAction\",\"target\":{\"@type\":\"EntryPoint\",\"urlTemplate\":\"https:\/\/www.challenge-family.com\/challenge-family\/?s={search_term_string}\"},\"query-input\":{\"@type\":\"PropertyValueSpecification\",\"valueRequired\":true,\"valueName\":\"search_term_string\"}}],\"inLanguage\":\"en-US\"},{\"@type\":\"Organization\",\"@id\":\"https:\/\/www.challenge-family.com\/challenge-family\/#organization\",\"name\":\"Challenge Family\",\"url\":\"https:\/\/www.challenge-family.com\/challenge-family\/\",\"logo\":{\"@type\":\"ImageObject\",\"inLanguage\":\"en-US\",\"@id\":\"https:\/\/www.challenge-family.com\/challenge-family\/#\/schema\/logo\/image\/\",\"url\":\"https:\/\/www.challenge-family.com\/challenge-family\/wp-content\/uploads\/sites\/75\/2024\/05\/cropped-ChallengeFamily_PrimaryLogo_Horizontal_RGB_OnDark-1-1.png\",\"contentUrl\":\"https:\/\/www.challenge-family.com\/challenge-family\/wp-content\/uploads\/sites\/75\/2024\/05\/cropped-ChallengeFamily_PrimaryLogo_Horizontal_RGB_OnDark-1-1.png\",\"width\":2000,\"height\":473,\"caption\":\"Challenge Family\"},\"image\":{\"@id\":\"https:\/\/www.challenge-family.com\/challenge-family\/#\/schema\/logo\/image\/\"}}]}<\/script>\n<!-- \/ Yoast SEO plugin. -->","yoast_head_json":{"title":"Pieter Heemeryck and Radka Kahlefeldt claim victory at the sixth edition of Challenge Peguera-Mallorca 2019 - Challenge Family","robots":{"index":"index","follow":"follow","max-snippet":"max-snippet:-1","max-image-preview":"max-image-preview:large","max-video-preview":"max-video-preview:-1"},"canonical":"https:\/\/www.challenge-family.com\/challenge-family\/news\/pieter-heemeryck-and-radka-kahlefeldt-claim-victory-at-the-sixth-edition-of-challenge-peguera-mallorca-2019\/","og_locale":"en_US","og_type":"article","og_title":"Pieter Heemeryck and Radka Kahlefeldt claim victory at the sixth edition of Challenge Peguera-Mallorca 2019 - Challenge Family","og_description":"Pieter Heemeryck (BEL) and Radka Kahlefeldt (CZE) claimed victory at the sixth edition of CHALLENGEPEGUERA-MALLORCA 2019. The race kicked off on Saturday, October 19 at 9 am at Tor\u00e0 Beach in Peguera. Having completed a 1.9km swim, athletes left the transition zone to start a 90km bike course with 950m of positive climbing, and finished [&hellip;]","og_url":"https:\/\/www.challenge-family.com\/challenge-family\/news\/pieter-heemeryck-and-radka-kahlefeldt-claim-victory-at-the-sixth-edition-of-challenge-peguera-mallorca-2019\/","og_site_name":"Challenge Family","article_modified_time":"2024-05-29T15:46:14+00:00","og_image":[{"width":1920,"height":1284,"url":"https:\/\/www.challenge-family.com\/challenge-family\/wp-content\/uploads\/sites\/75\/2024\/05\/416a10451.jpg","type":"image\/jpeg"}],"twitter_card":"summary_large_image","twitter_misc":{"Est. reading time":"2 minutes"},"schema":{"@context":"https:\/\/schema.org","@graph":[{"@type":"WebPage","@id":"https:\/\/www.challenge-family.com\/challenge-family\/news\/pieter-heemeryck-and-radka-kahlefeldt-claim-victory-at-the-sixth-edition-of-challenge-peguera-mallorca-2019\/","url":"https:\/\/www.challenge-family.com\/challenge-family\/news\/pieter-heemeryck-and-radka-kahlefeldt-claim-victory-at-the-sixth-edition-of-challenge-peguera-mallorca-2019\/","name":"Pieter Heemeryck and Radka Kahlefeldt claim victory at the sixth edition of Challenge Peguera-Mallorca 2019 - Challenge Family","isPartOf":{"@id":"https:\/\/www.challenge-family.com\/challenge-family\/#website"},"primaryImageOfPage":{"@id":"https:\/\/www.challenge-family.com\/challenge-family\/news\/pieter-heemeryck-and-radka-kahlefeldt-claim-victory-at-the-sixth-edition-of-challenge-peguera-mallorca-2019\/#primaryimage"},"image":{"@id":"https:\/\/www.challenge-family.com\/challenge-family\/news\/pieter-heemeryck-and-radka-kahlefeldt-claim-victory-at-the-sixth-edition-of-challenge-peguera-mallorca-2019\/#primaryimage"},"thumbnailUrl":"https:\/\/www.challenge-family.com\/challenge-family\/wp-content\/uploads\/sites\/75\/2024\/05\/416a10451.jpg","datePublished":"2019-10-22T06:54:55+00:00","dateModified":"2024-05-29T15:46:14+00:00","breadcrumb":{"@id":"https:\/\/www.challenge-family.com\/challenge-family\/news\/pieter-heemeryck-and-radka-kahlefeldt-claim-victory-at-the-sixth-edition-of-challenge-peguera-mallorca-2019\/#breadcrumb"},"inLanguage":"en-US","potentialAction":[{"@type":"ReadAction","target":["https:\/\/www.challenge-family.com\/challenge-family\/news\/pieter-heemeryck-and-radka-kahlefeldt-claim-victory-at-the-sixth-edition-of-challenge-peguera-mallorca-2019\/"]}]},{"@type":"ImageObject","inLanguage":"en-US","@id":"https:\/\/www.challenge-family.com\/challenge-family\/news\/pieter-heemeryck-and-radka-kahlefeldt-claim-victory-at-the-sixth-edition-of-challenge-peguera-mallorca-2019\/#primaryimage","url":"https:\/\/www.challenge-family.com\/challenge-family\/wp-content\/uploads\/sites\/75\/2024\/05\/416a10451.jpg","contentUrl":"https:\/\/www.challenge-family.com\/challenge-family\/wp-content\/uploads\/sites\/75\/2024\/05\/416a10451.jpg","width":1920,"height":1284},{"@type":"BreadcrumbList","@id":"https:\/\/www.challenge-family.com\/challenge-family\/news\/pieter-heemeryck-and-radka-kahlefeldt-claim-victory-at-the-sixth-edition-of-challenge-peguera-mallorca-2019\/#breadcrumb","itemListElement":[{"@type":"ListItem","position":1,"name":"Home","item":"https:\/\/www.challenge-family.com\/challenge-family\/"},{"@type":"ListItem","position":2,"name":"Pieter Heemeryck and Radka Kahlefeldt claim victory at the sixth edition of Challenge Peguera-Mallorca 2019"}]},{"@type":"WebSite","@id":"https:\/\/www.challenge-family.com\/challenge-family\/#website","url":"https:\/\/www.challenge-family.com\/challenge-family\/","name":"Challenge Family","description":"Every Athlete, Every Challenge","publisher":{"@id":"https:\/\/www.challenge-family.com\/challenge-family\/#organization"},"potentialAction":[{"@type":"SearchAction","target":{"@type":"EntryPoint","urlTemplate":"https:\/\/www.challenge-family.com\/challenge-family\/?s={search_term_string}"},"query-input":{"@type":"PropertyValueSpecification","valueRequired":true,"valueName":"search_term_string"}}],"inLanguage":"en-US"},{"@type":"Organization","@id":"https:\/\/www.challenge-family.com\/challenge-family\/#organization","name":"Challenge Family","url":"https:\/\/www.challenge-family.com\/challenge-family\/","logo":{"@type":"ImageObject","inLanguage":"en-US","@id":"https:\/\/www.challenge-family.com\/challenge-family\/#\/schema\/logo\/image\/","url":"https:\/\/www.challenge-family.com\/challenge-family\/wp-content\/uploads\/sites\/75\/2024\/05\/cropped-ChallengeFamily_PrimaryLogo_Horizontal_RGB_OnDark-1-1.png","contentUrl":"https:\/\/www.challenge-family.com\/challenge-family\/wp-content\/uploads\/sites\/75\/2024\/05\/cropped-ChallengeFamily_PrimaryLogo_Horizontal_RGB_OnDark-1-1.png","width":2000,"height":473,"caption":"Challenge Family"},"image":{"@id":"https:\/\/www.challenge-family.com\/challenge-family\/#\/schema\/logo\/image\/"}}]}},"acf":[],"_links":{"self":[{"href":"https:\/\/www.challenge-family.com\/challenge-family\/wp-json\/wp\/v2\/news\/17923"}],"collection":[{"href":"https:\/\/www.challenge-family.com\/challenge-family\/wp-json\/wp\/v2\/news"}],"about":[{"href":"https:\/\/www.challenge-family.com\/challenge-family\/wp-json\/wp\/v2\/types\/news"}],"author":[{"embeddable":true,"href":"https:\/\/www.challenge-family.com\/challenge-family\/wp-json\/wp\/v2\/users\/37"}],"replies":[{"embeddable":true,"href":"https:\/\/www.challenge-family.com\/challenge-family\/wp-json\/wp\/v2\/comments?post=17923"}],"version-history":[{"count":1,"href":"https:\/\/www.challenge-family.com\/challenge-family\/wp-json\/wp\/v2\/news\/17923\/revisions"}],"predecessor-version":[{"id":20928,"href":"https:\/\/www.challenge-family.com\/challenge-family\/wp-json\/wp\/v2\/news\/17923\/revisions\/20928"}],"wp:featuredmedia":[{"embeddable":true,"href":"https:\/\/www.challenge-family.com\/challenge-family\/wp-json\/wp\/v2\/media\/17924"}],"wp:attachment":[{"href":"https:\/\/www.challenge-family.com\/challenge-family\/wp-json\/wp\/v2\/media?parent=17923"}],"wp:term":[{"taxonomy":"category","embeddable":true,"href":"https:\/\/www.challenge-family.com\/challenge-family\/wp-json\/wp\/v2\/categories?post=17923"},{"taxonomy":"post_tag","embeddable":true,"href":"https:\/\/www.challenge-family.com\/challenge-family\/wp-json\/wp\/v2\/tags?post=17923"}],"curies":[{"name":"wp","href":"https:\/\/api.w.org\/{rel}","templated":true}]}}