{"id":17281,"date":"2019-01-24T16:13:02","date_gmt":"2019-01-24T16:13:02","guid":{"rendered":"https:\/\/www.challenge-family.com\/challenge-family\/uncategorized\/hep-challenge-heilbronn-powered-by-audi-2019-letzte-chance-fur-einen-einzelstart-auf-der-mitteldistanz\/"},"modified":"2024-05-29T15:46:36","modified_gmt":"2024-05-29T15:46:36","slug":"hep-challenge-heilbronn-powered-by-audi-2019-letzte-chance-fur-einen-einzelstart-auf-der-mitteldistanz","status":"publish","type":"news","link":"https:\/\/www.challenge-family.com\/challenge-family\/news\/hep-challenge-heilbronn-powered-by-audi-2019-letzte-chance-fur-einen-einzelstart-auf-der-mitteldistanz\/","title":{"rendered":"hep CHALLENGE HEILBRONN powered by Audi 2019  Letzte Chance f\u00fcr einen Einzelstart auf der Mitteldistanz"},"content":{"rendered":"<p align=\"left\"><span style=\"font-family: Georgia\">Die Resonanz und der Zuspruch f\u00fcr die Mitteldistanz im Rahmen der <strong>hep <em>CHALLENGE<\/em><\/strong><em>HEILBRONN<\/em><strong> powered by AUDI<\/strong> ist enorm und vor zwei Wochen gab es deshalb einen vorl\u00e4ufigen Anmeldestop. Nun besteht noch einmal die Chance f\u00fcr 100 Starter, beim Jubil\u00e4umsrennen im zehnten Jahr mit dabei zu sein. P\u00fcnktlich um 19:00 Uhr am Freitag, 25. Januar 2019, geht das finale Restkontingent online.<\/span><\/p>\n<p align=\"left\"><span style=\"font-family: Georgia\">Die Heilbronn-Veranstalter und die Deutsche Triathlon Union freuen sich, dadurch nochmals etlichen Athleten die Chance auf die Teilnahme an der Deutschen Meisterschaft \u00fcber die Mitteldistanz zu erm\u00f6glichen. \u201eWir sind \u00fcberw\u00e4ltigt, wie schnell wir dieses Jahr das Kontingent f\u00fcllen konnten. Das gab es in der zehnj\u00e4hrigen Geschichte des Rennens in Heilbronn noch nicht,\u201c so Veranstalter Kai Sauser. Wenn diese Pl\u00e4tze vergeben sind, g\u00e4be es keine M\u00f6glichkeit mehr, f\u00fcr die Mitteldistanz einzuchecken, so Sauser weiter. Auf der Sprintdistanz und der Olympischen Distanz sieht es dagegen besser aus: f\u00fcr beide Wettbewerbe sind noch je etwa 200 Pl\u00e4tze verf\u00fcgbar.<\/span><\/p>\n<p align=\"left\"><span style=\"font-family: Georgia\">Voraussichtlich im Februar werden die Macher des Triathlons #mitteninderstadt dann auch die diesj\u00e4hrige \u00c4nderung der Radstrecke bekanntgeben k\u00f6nnen. \u201eIn der Vorbereitung l\u00e4uft bei uns alles nach Plan,\u201c berichtet Sauser. \u201eWir hoffen, bei den Athleten ist dies genauso und wir freuen uns auf einen phantastischen Wettkampftag am 19. Mai 2019!\u201c<\/span><\/p>\n<p align=\"left\"><span style=\"font-family: Georgia\">Weitere Informationen und die Online-Anmeldung stehen unter <\/span><a href=\"http:\/\/www.challenge-heilbronn.de\/\"><span style=\"font-family: Georgia\">www.challenge-heilbronn.de<\/span><\/a><span style=\"font-family: Georgia\"> zur Verf\u00fcgung.<\/span><\/p>\n","protected":false},"excerpt":{"rendered":"<p>Die Resonanz und der Zuspruch f\u00fcr die Mitteldistanz im Rahmen der hep CHALLENGEHEILBRONN powered by AUDI ist enorm und vor zwei Wochen gab es deshalb einen vorl\u00e4ufigen Anmeldestop. Nun besteht noch einmal die Chance f\u00fcr 100 Starter, beim Jubil\u00e4umsrennen im zehnten Jahr mit dabei zu sein. P\u00fcnktlich um 19:00 Uhr am Freitag, 25. Januar 2019, [&hellip;]<\/p>\n","protected":false},"author":37,"featured_media":17282,"menu_order":0,"comment_status":"open","ping_status":"open","template":"","format":"standard","meta":{"_acf_changed":false,"footnotes":""},"categories":[21],"tags":[],"class_list":["post-17281","news","type-news","status-publish","format-standard","has-post-thumbnail","hentry","category-news"],"yoast_head":"<!-- This site is optimized with the Yoast SEO plugin v25.6 - https:\/\/yoast.com\/wordpress\/plugins\/seo\/ -->\n<title>hep CHALLENGE HEILBRONN powered by Audi 2019 Letzte Chance f\u00fcr einen Einzelstart auf der Mitteldistanz - Challenge Family<\/title>\n<meta name=\"robots\" content=\"index, follow, max-snippet:-1, max-image-preview:large, max-video-preview:-1\" \/>\n<link rel=\"canonical\" href=\"https:\/\/www.challenge-family.com\/challenge-family\/news\/hep-challenge-heilbronn-powered-by-audi-2019-letzte-chance-fur-einen-einzelstart-auf-der-mitteldistanz\/\" \/>\n<meta property=\"og:locale\" content=\"en_US\" \/>\n<meta property=\"og:type\" content=\"article\" \/>\n<meta property=\"og:title\" content=\"hep CHALLENGE HEILBRONN powered by Audi 2019 Letzte Chance f\u00fcr einen Einzelstart auf der Mitteldistanz - Challenge Family\" \/>\n<meta property=\"og:description\" content=\"Die Resonanz und der Zuspruch f\u00fcr die Mitteldistanz im Rahmen der hep CHALLENGEHEILBRONN powered by AUDI ist enorm und vor zwei Wochen gab es deshalb einen vorl\u00e4ufigen Anmeldestop. Nun besteht noch einmal die Chance f\u00fcr 100 Starter, beim Jubil\u00e4umsrennen im zehnten Jahr mit dabei zu sein. P\u00fcnktlich um 19:00 Uhr am Freitag, 25. Januar 2019, [&hellip;]\" \/>\n<meta property=\"og:url\" content=\"https:\/\/www.challenge-family.com\/challenge-family\/news\/hep-challenge-heilbronn-powered-by-audi-2019-letzte-chance-fur-einen-einzelstart-auf-der-mitteldistanz\/\" \/>\n<meta property=\"og:site_name\" content=\"Challenge Family\" \/>\n<meta property=\"article:modified_time\" content=\"2024-05-29T15:46:36+00:00\" \/>\n<meta property=\"og:image\" content=\"https:\/\/www.challenge-family.com\/challenge-family\/wp-content\/uploads\/sites\/75\/2024\/05\/james-mitchel-challenge-heilbronn-2018-2_1600_x_1200.jpg\" \/>\n\t<meta property=\"og:image:width\" content=\"1600\" \/>\n\t<meta property=\"og:image:height\" content=\"1080\" \/>\n\t<meta property=\"og:image:type\" content=\"image\/jpeg\" \/>\n<meta name=\"twitter:card\" content=\"summary_large_image\" \/>\n<meta name=\"twitter:label1\" content=\"Est. reading time\" \/>\n\t<meta name=\"twitter:data1\" content=\"1 minute\" \/>\n<script type=\"application\/ld+json\" class=\"yoast-schema-graph\">{\"@context\":\"https:\/\/schema.org\",\"@graph\":[{\"@type\":\"WebPage\",\"@id\":\"https:\/\/www.challenge-family.com\/challenge-family\/news\/hep-challenge-heilbronn-powered-by-audi-2019-letzte-chance-fur-einen-einzelstart-auf-der-mitteldistanz\/\",\"url\":\"https:\/\/www.challenge-family.com\/challenge-family\/news\/hep-challenge-heilbronn-powered-by-audi-2019-letzte-chance-fur-einen-einzelstart-auf-der-mitteldistanz\/\",\"name\":\"hep CHALLENGE HEILBRONN powered by Audi 2019 Letzte Chance f\u00fcr einen Einzelstart auf der Mitteldistanz - Challenge Family\",\"isPartOf\":{\"@id\":\"https:\/\/www.challenge-family.com\/challenge-family\/#website\"},\"primaryImageOfPage\":{\"@id\":\"https:\/\/www.challenge-family.com\/challenge-family\/news\/hep-challenge-heilbronn-powered-by-audi-2019-letzte-chance-fur-einen-einzelstart-auf-der-mitteldistanz\/#primaryimage\"},\"image\":{\"@id\":\"https:\/\/www.challenge-family.com\/challenge-family\/news\/hep-challenge-heilbronn-powered-by-audi-2019-letzte-chance-fur-einen-einzelstart-auf-der-mitteldistanz\/#primaryimage\"},\"thumbnailUrl\":\"https:\/\/www.challenge-family.com\/challenge-family\/wp-content\/uploads\/sites\/75\/2024\/05\/james-mitchel-challenge-heilbronn-2018-2_1600_x_1200.jpg\",\"datePublished\":\"2019-01-24T16:13:02+00:00\",\"dateModified\":\"2024-05-29T15:46:36+00:00\",\"breadcrumb\":{\"@id\":\"https:\/\/www.challenge-family.com\/challenge-family\/news\/hep-challenge-heilbronn-powered-by-audi-2019-letzte-chance-fur-einen-einzelstart-auf-der-mitteldistanz\/#breadcrumb\"},\"inLanguage\":\"en-US\",\"potentialAction\":[{\"@type\":\"ReadAction\",\"target\":[\"https:\/\/www.challenge-family.com\/challenge-family\/news\/hep-challenge-heilbronn-powered-by-audi-2019-letzte-chance-fur-einen-einzelstart-auf-der-mitteldistanz\/\"]}]},{\"@type\":\"ImageObject\",\"inLanguage\":\"en-US\",\"@id\":\"https:\/\/www.challenge-family.com\/challenge-family\/news\/hep-challenge-heilbronn-powered-by-audi-2019-letzte-chance-fur-einen-einzelstart-auf-der-mitteldistanz\/#primaryimage\",\"url\":\"https:\/\/www.challenge-family.com\/challenge-family\/wp-content\/uploads\/sites\/75\/2024\/05\/james-mitchel-challenge-heilbronn-2018-2_1600_x_1200.jpg\",\"contentUrl\":\"https:\/\/www.challenge-family.com\/challenge-family\/wp-content\/uploads\/sites\/75\/2024\/05\/james-mitchel-challenge-heilbronn-2018-2_1600_x_1200.jpg\",\"width\":1600,\"height\":1080},{\"@type\":\"BreadcrumbList\",\"@id\":\"https:\/\/www.challenge-family.com\/challenge-family\/news\/hep-challenge-heilbronn-powered-by-audi-2019-letzte-chance-fur-einen-einzelstart-auf-der-mitteldistanz\/#breadcrumb\",\"itemListElement\":[{\"@type\":\"ListItem\",\"position\":1,\"name\":\"Home\",\"item\":\"https:\/\/www.challenge-family.com\/challenge-family\/\"},{\"@type\":\"ListItem\",\"position\":2,\"name\":\"hep CHALLENGE HEILBRONN powered by Audi 2019 Letzte Chance f\u00fcr einen Einzelstart auf der Mitteldistanz\"}]},{\"@type\":\"WebSite\",\"@id\":\"https:\/\/www.challenge-family.com\/challenge-family\/#website\",\"url\":\"https:\/\/www.challenge-family.com\/challenge-family\/\",\"name\":\"Challenge Family\",\"description\":\"Every Athlete, Every Challenge\",\"publisher\":{\"@id\":\"https:\/\/www.challenge-family.com\/challenge-family\/#organization\"},\"potentialAction\":[{\"@type\":\"SearchAction\",\"target\":{\"@type\":\"EntryPoint\",\"urlTemplate\":\"https:\/\/www.challenge-family.com\/challenge-family\/?s={search_term_string}\"},\"query-input\":{\"@type\":\"PropertyValueSpecification\",\"valueRequired\":true,\"valueName\":\"search_term_string\"}}],\"inLanguage\":\"en-US\"},{\"@type\":\"Organization\",\"@id\":\"https:\/\/www.challenge-family.com\/challenge-family\/#organization\",\"name\":\"Challenge Family\",\"url\":\"https:\/\/www.challenge-family.com\/challenge-family\/\",\"logo\":{\"@type\":\"ImageObject\",\"inLanguage\":\"en-US\",\"@id\":\"https:\/\/www.challenge-family.com\/challenge-family\/#\/schema\/logo\/image\/\",\"url\":\"https:\/\/www.challenge-family.com\/challenge-family\/wp-content\/uploads\/sites\/75\/2024\/05\/cropped-ChallengeFamily_PrimaryLogo_Horizontal_RGB_OnDark-1-1.png\",\"contentUrl\":\"https:\/\/www.challenge-family.com\/challenge-family\/wp-content\/uploads\/sites\/75\/2024\/05\/cropped-ChallengeFamily_PrimaryLogo_Horizontal_RGB_OnDark-1-1.png\",\"width\":2000,\"height\":473,\"caption\":\"Challenge Family\"},\"image\":{\"@id\":\"https:\/\/www.challenge-family.com\/challenge-family\/#\/schema\/logo\/image\/\"}}]}<\/script>\n<!-- \/ Yoast SEO plugin. -->","yoast_head_json":{"title":"hep CHALLENGE HEILBRONN powered by Audi 2019 Letzte Chance f\u00fcr einen Einzelstart auf der Mitteldistanz - Challenge Family","robots":{"index":"index","follow":"follow","max-snippet":"max-snippet:-1","max-image-preview":"max-image-preview:large","max-video-preview":"max-video-preview:-1"},"canonical":"https:\/\/www.challenge-family.com\/challenge-family\/news\/hep-challenge-heilbronn-powered-by-audi-2019-letzte-chance-fur-einen-einzelstart-auf-der-mitteldistanz\/","og_locale":"en_US","og_type":"article","og_title":"hep CHALLENGE HEILBRONN powered by Audi 2019 Letzte Chance f\u00fcr einen Einzelstart auf der Mitteldistanz - Challenge Family","og_description":"Die Resonanz und der Zuspruch f\u00fcr die Mitteldistanz im Rahmen der hep CHALLENGEHEILBRONN powered by AUDI ist enorm und vor zwei Wochen gab es deshalb einen vorl\u00e4ufigen Anmeldestop. Nun besteht noch einmal die Chance f\u00fcr 100 Starter, beim Jubil\u00e4umsrennen im zehnten Jahr mit dabei zu sein. P\u00fcnktlich um 19:00 Uhr am Freitag, 25. Januar 2019, [&hellip;]","og_url":"https:\/\/www.challenge-family.com\/challenge-family\/news\/hep-challenge-heilbronn-powered-by-audi-2019-letzte-chance-fur-einen-einzelstart-auf-der-mitteldistanz\/","og_site_name":"Challenge Family","article_modified_time":"2024-05-29T15:46:36+00:00","og_image":[{"width":1600,"height":1080,"url":"https:\/\/www.challenge-family.com\/challenge-family\/wp-content\/uploads\/sites\/75\/2024\/05\/james-mitchel-challenge-heilbronn-2018-2_1600_x_1200.jpg","type":"image\/jpeg"}],"twitter_card":"summary_large_image","twitter_misc":{"Est. reading time":"1 minute"},"schema":{"@context":"https:\/\/schema.org","@graph":[{"@type":"WebPage","@id":"https:\/\/www.challenge-family.com\/challenge-family\/news\/hep-challenge-heilbronn-powered-by-audi-2019-letzte-chance-fur-einen-einzelstart-auf-der-mitteldistanz\/","url":"https:\/\/www.challenge-family.com\/challenge-family\/news\/hep-challenge-heilbronn-powered-by-audi-2019-letzte-chance-fur-einen-einzelstart-auf-der-mitteldistanz\/","name":"hep CHALLENGE HEILBRONN powered by Audi 2019 Letzte Chance f\u00fcr einen Einzelstart auf der Mitteldistanz - Challenge Family","isPartOf":{"@id":"https:\/\/www.challenge-family.com\/challenge-family\/#website"},"primaryImageOfPage":{"@id":"https:\/\/www.challenge-family.com\/challenge-family\/news\/hep-challenge-heilbronn-powered-by-audi-2019-letzte-chance-fur-einen-einzelstart-auf-der-mitteldistanz\/#primaryimage"},"image":{"@id":"https:\/\/www.challenge-family.com\/challenge-family\/news\/hep-challenge-heilbronn-powered-by-audi-2019-letzte-chance-fur-einen-einzelstart-auf-der-mitteldistanz\/#primaryimage"},"thumbnailUrl":"https:\/\/www.challenge-family.com\/challenge-family\/wp-content\/uploads\/sites\/75\/2024\/05\/james-mitchel-challenge-heilbronn-2018-2_1600_x_1200.jpg","datePublished":"2019-01-24T16:13:02+00:00","dateModified":"2024-05-29T15:46:36+00:00","breadcrumb":{"@id":"https:\/\/www.challenge-family.com\/challenge-family\/news\/hep-challenge-heilbronn-powered-by-audi-2019-letzte-chance-fur-einen-einzelstart-auf-der-mitteldistanz\/#breadcrumb"},"inLanguage":"en-US","potentialAction":[{"@type":"ReadAction","target":["https:\/\/www.challenge-family.com\/challenge-family\/news\/hep-challenge-heilbronn-powered-by-audi-2019-letzte-chance-fur-einen-einzelstart-auf-der-mitteldistanz\/"]}]},{"@type":"ImageObject","inLanguage":"en-US","@id":"https:\/\/www.challenge-family.com\/challenge-family\/news\/hep-challenge-heilbronn-powered-by-audi-2019-letzte-chance-fur-einen-einzelstart-auf-der-mitteldistanz\/#primaryimage","url":"https:\/\/www.challenge-family.com\/challenge-family\/wp-content\/uploads\/sites\/75\/2024\/05\/james-mitchel-challenge-heilbronn-2018-2_1600_x_1200.jpg","contentUrl":"https:\/\/www.challenge-family.com\/challenge-family\/wp-content\/uploads\/sites\/75\/2024\/05\/james-mitchel-challenge-heilbronn-2018-2_1600_x_1200.jpg","width":1600,"height":1080},{"@type":"BreadcrumbList","@id":"https:\/\/www.challenge-family.com\/challenge-family\/news\/hep-challenge-heilbronn-powered-by-audi-2019-letzte-chance-fur-einen-einzelstart-auf-der-mitteldistanz\/#breadcrumb","itemListElement":[{"@type":"ListItem","position":1,"name":"Home","item":"https:\/\/www.challenge-family.com\/challenge-family\/"},{"@type":"ListItem","position":2,"name":"hep CHALLENGE HEILBRONN powered by Audi 2019 Letzte Chance f\u00fcr einen Einzelstart auf der Mitteldistanz"}]},{"@type":"WebSite","@id":"https:\/\/www.challenge-family.com\/challenge-family\/#website","url":"https:\/\/www.challenge-family.com\/challenge-family\/","name":"Challenge Family","description":"Every Athlete, Every Challenge","publisher":{"@id":"https:\/\/www.challenge-family.com\/challenge-family\/#organization"},"potentialAction":[{"@type":"SearchAction","target":{"@type":"EntryPoint","urlTemplate":"https:\/\/www.challenge-family.com\/challenge-family\/?s={search_term_string}"},"query-input":{"@type":"PropertyValueSpecification","valueRequired":true,"valueName":"search_term_string"}}],"inLanguage":"en-US"},{"@type":"Organization","@id":"https:\/\/www.challenge-family.com\/challenge-family\/#organization","name":"Challenge Family","url":"https:\/\/www.challenge-family.com\/challenge-family\/","logo":{"@type":"ImageObject","inLanguage":"en-US","@id":"https:\/\/www.challenge-family.com\/challenge-family\/#\/schema\/logo\/image\/","url":"https:\/\/www.challenge-family.com\/challenge-family\/wp-content\/uploads\/sites\/75\/2024\/05\/cropped-ChallengeFamily_PrimaryLogo_Horizontal_RGB_OnDark-1-1.png","contentUrl":"https:\/\/www.challenge-family.com\/challenge-family\/wp-content\/uploads\/sites\/75\/2024\/05\/cropped-ChallengeFamily_PrimaryLogo_Horizontal_RGB_OnDark-1-1.png","width":2000,"height":473,"caption":"Challenge Family"},"image":{"@id":"https:\/\/www.challenge-family.com\/challenge-family\/#\/schema\/logo\/image\/"}}]}},"acf":[],"_links":{"self":[{"href":"https:\/\/www.challenge-family.com\/challenge-family\/wp-json\/wp\/v2\/news\/17281"}],"collection":[{"href":"https:\/\/www.challenge-family.com\/challenge-family\/wp-json\/wp\/v2\/news"}],"about":[{"href":"https:\/\/www.challenge-family.com\/challenge-family\/wp-json\/wp\/v2\/types\/news"}],"author":[{"embeddable":true,"href":"https:\/\/www.challenge-family.com\/challenge-family\/wp-json\/wp\/v2\/users\/37"}],"replies":[{"embeddable":true,"href":"https:\/\/www.challenge-family.com\/challenge-family\/wp-json\/wp\/v2\/comments?post=17281"}],"version-history":[{"count":1,"href":"https:\/\/www.challenge-family.com\/challenge-family\/wp-json\/wp\/v2\/news\/17281\/revisions"}],"predecessor-version":[{"id":21017,"href":"https:\/\/www.challenge-family.com\/challenge-family\/wp-json\/wp\/v2\/news\/17281\/revisions\/21017"}],"wp:featuredmedia":[{"embeddable":true,"href":"https:\/\/www.challenge-family.com\/challenge-family\/wp-json\/wp\/v2\/media\/17282"}],"wp:attachment":[{"href":"https:\/\/www.challenge-family.com\/challenge-family\/wp-json\/wp\/v2\/media?parent=17281"}],"wp:term":[{"taxonomy":"category","embeddable":true,"href":"https:\/\/www.challenge-family.com\/challenge-family\/wp-json\/wp\/v2\/categories?post=17281"},{"taxonomy":"post_tag","embeddable":true,"href":"https:\/\/www.challenge-family.com\/challenge-family\/wp-json\/wp\/v2\/tags?post=17281"}],"curies":[{"name":"wp","href":"https:\/\/api.w.org\/{rel}","templated":true}]}}