{"id":17086,"date":"2018-07-16T15:59:59","date_gmt":"2018-07-16T15:59:59","guid":{"rendered":"https:\/\/www.challenge-family.com\/challenge-family\/uncategorized\/petr-vabrousek-we-dont-need-to-worry-about-the-future-of-challengeprague\/"},"modified":"2024-05-29T15:46:47","modified_gmt":"2024-05-29T15:46:47","slug":"petr-vabrousek-we-dont-need-to-worry-about-the-future-of-challengeprague","status":"publish","type":"news","link":"https:\/\/www.challenge-family.com\/challenge-family\/news\/petr-vabrousek-we-dont-need-to-worry-about-the-future-of-challengeprague\/","title":{"rendered":"Petr Vabrou\u0161ek: We don\u2019t need to worry about the future of CHALLENGEPRAGUE"},"content":{"rendered":"<p><strong>Czech triathlete Petr Vabrou\u0161ek has ranked more than a hundred times among top ten at the Ironman and Challenge races all over the world. Last year he took part in the premiere of FORD <em>CHALLENGE<\/em>PRAGUE and this year he will not be missing at the start of this unique competition in the centre of Prague.<\/strong><\/p>\n<p>44-year-old Petr Vabrou\u0161ek is not afraid of extreme challenges. This year he dominated Ultraman in Florida (a three-day competition of 10 kilometres of swimming, 434 kilometres on bike and 84.5 kilometres of running) and after the second place alongside with Tom\u00e1\u0161 Svoboda at swimrun in France, both athletes got an invitation to the World Championship in \u00d6till\u00f6, Sweden. At the end of July, the exceptional triathlete will attend home event FORD <strong><em>CHALLENGE<\/em><\/strong><em>PRAGUE.<\/em><\/p>\n<p>The unique race returns to the centre of Prague only for the second time, yet it is already a favourite destination among athletes within <strong><em>CHALLENGE<\/em><\/strong><em>FAMILY<\/em> series.<\/p>\n<p>\u201c<em>Last year I was a bit concerned how Prague would manage such event compared to other races<\/em>,\u201d admits Petr Vabrou\u0161ek. \u201c<em>However, Prague welcomed participants with a well-organized race and wonderful surroundings. Regular swimming in the river is almost unique in the world just as the race in the very centre of the capital city. We don\u2019t need to worry about the future of this race.<\/em>\u201d<\/p>\n<p>Extreme triathlete does not consider the Prague race to be extraordinarily challenging. \u201c<em>The track itself is not very hard. Temperature in the Vltava river is nice, cycling is more flat than in the hills and running along Vltava river is great thanks to the atmosphere around<\/em>,\u201d says Vabrou\u0161ek. \u201c<em>What make the race difficult are the weather and especially the competition. It won\u2019t be easy<\/em>.\u201d FORD <strong><em>CHALLENGE<\/em><\/strong><em>PRAGUE<\/em> won\u2019t be missing successful athletes such as last year\u2019s winner Pieter Hemeeryck from Belgium or German Maurice Clavel.<\/p>\n<p>Vabrou\u0161ek explains what he thinks is the most difficult about triathlon.<\/p>\n<p>\u201c<em>Put everything on the race day correctly together. Sell what one has trained, spread strength between disciplines, choose the right equipment\u2026Thanks to combination of three different disciplines the triathlon is hard in terms of logistic. A short track can be managed by everyone with a minimum of training and experience. Those longer tracks on the elite level require more detailed planning<\/em>.\u201d<\/p>\n<p>However, Vabrou\u0161ek admits that he has never met anybody who tried the triathlon and said that he never wanted to repeat it again. \u201c<em>Go ahead and you will be pleasantly surprised what you can do<\/em>,\u201d encourages all amateurs who still consider start at FORD <strong><em>CHALLENGE<\/em><\/strong><em>PRAGUE<\/em>. Interested people should not hesitate \u2013 the last 50 places remain in the TRY-ATHLON category.<\/p>\n<p>And what is Vabrou\u0161ek\u2019s goal at this year\u2019s race in the heart of Prague?<\/p>\n<p>\u201c<em>While my priorities are now on Ultraman\u2019s distance, I would like to work the youngsters hard on this sprint track and make the best result<\/em>,\u201d encloses Vabrou\u0161ek.<\/p>\n","protected":false},"excerpt":{"rendered":"<p>Czech triathlete Petr Vabrou\u0161ek has ranked more than a hundred times among top ten at the Ironman and Challenge races all over the world. Last year he took part in the premiere of FORD CHALLENGEPRAGUE and this year he will not be missing at the start of this unique competition in the centre of Prague. [&hellip;]<\/p>\n","protected":false},"author":355,"featured_media":17087,"menu_order":0,"comment_status":"open","ping_status":"open","template":"","format":"standard","meta":{"_acf_changed":false,"footnotes":""},"categories":[21],"tags":[],"class_list":["post-17086","news","type-news","status-publish","format-standard","has-post-thumbnail","hentry","category-news"],"yoast_head":"<!-- This site is optimized with the Yoast SEO plugin v25.6 - https:\/\/yoast.com\/wordpress\/plugins\/seo\/ -->\n<title>Petr Vabrou\u0161ek: We don\u2019t need to worry about the future of CHALLENGEPRAGUE - Challenge Family<\/title>\n<meta name=\"robots\" content=\"index, follow, max-snippet:-1, max-image-preview:large, max-video-preview:-1\" \/>\n<link rel=\"canonical\" href=\"https:\/\/www.challenge-family.com\/challenge-family\/news\/petr-vabrousek-we-dont-need-to-worry-about-the-future-of-challengeprague\/\" \/>\n<meta property=\"og:locale\" content=\"en_US\" \/>\n<meta property=\"og:type\" content=\"article\" \/>\n<meta property=\"og:title\" content=\"Petr Vabrou\u0161ek: We don\u2019t need to worry about the future of CHALLENGEPRAGUE - Challenge Family\" \/>\n<meta property=\"og:description\" content=\"Czech triathlete Petr Vabrou\u0161ek has ranked more than a hundred times among top ten at the Ironman and Challenge races all over the world. Last year he took part in the premiere of FORD CHALLENGEPRAGUE and this year he will not be missing at the start of this unique competition in the centre of Prague. [&hellip;]\" \/>\n<meta property=\"og:url\" content=\"https:\/\/www.challenge-family.com\/challenge-family\/news\/petr-vabrousek-we-dont-need-to-worry-about-the-future-of-challengeprague\/\" \/>\n<meta property=\"og:site_name\" content=\"Challenge Family\" \/>\n<meta property=\"article:modified_time\" content=\"2024-05-29T15:46:47+00:00\" \/>\n<meta property=\"og:image\" content=\"https:\/\/www.challenge-family.com\/challenge-family\/wp-content\/uploads\/sites\/75\/2024\/05\/brychtajan_challenge_prague_triatlon_20170729_145817_d72_9982.jpg\" \/>\n\t<meta property=\"og:image:width\" content=\"2048\" \/>\n\t<meta property=\"og:image:height\" content=\"1363\" \/>\n\t<meta property=\"og:image:type\" content=\"image\/jpeg\" \/>\n<meta name=\"twitter:card\" content=\"summary_large_image\" \/>\n<meta name=\"twitter:label1\" content=\"Est. reading time\" \/>\n\t<meta name=\"twitter:data1\" content=\"2 minutes\" \/>\n<script type=\"application\/ld+json\" class=\"yoast-schema-graph\">{\"@context\":\"https:\/\/schema.org\",\"@graph\":[{\"@type\":\"WebPage\",\"@id\":\"https:\/\/www.challenge-family.com\/challenge-family\/news\/petr-vabrousek-we-dont-need-to-worry-about-the-future-of-challengeprague\/\",\"url\":\"https:\/\/www.challenge-family.com\/challenge-family\/news\/petr-vabrousek-we-dont-need-to-worry-about-the-future-of-challengeprague\/\",\"name\":\"Petr Vabrou\u0161ek: We don\u2019t need to worry about the future of CHALLENGEPRAGUE - Challenge Family\",\"isPartOf\":{\"@id\":\"https:\/\/www.challenge-family.com\/challenge-family\/#website\"},\"primaryImageOfPage\":{\"@id\":\"https:\/\/www.challenge-family.com\/challenge-family\/news\/petr-vabrousek-we-dont-need-to-worry-about-the-future-of-challengeprague\/#primaryimage\"},\"image\":{\"@id\":\"https:\/\/www.challenge-family.com\/challenge-family\/news\/petr-vabrousek-we-dont-need-to-worry-about-the-future-of-challengeprague\/#primaryimage\"},\"thumbnailUrl\":\"https:\/\/www.challenge-family.com\/challenge-family\/wp-content\/uploads\/sites\/75\/2024\/05\/brychtajan_challenge_prague_triatlon_20170729_145817_d72_9982.jpg\",\"datePublished\":\"2018-07-16T15:59:59+00:00\",\"dateModified\":\"2024-05-29T15:46:47+00:00\",\"breadcrumb\":{\"@id\":\"https:\/\/www.challenge-family.com\/challenge-family\/news\/petr-vabrousek-we-dont-need-to-worry-about-the-future-of-challengeprague\/#breadcrumb\"},\"inLanguage\":\"en-US\",\"potentialAction\":[{\"@type\":\"ReadAction\",\"target\":[\"https:\/\/www.challenge-family.com\/challenge-family\/news\/petr-vabrousek-we-dont-need-to-worry-about-the-future-of-challengeprague\/\"]}]},{\"@type\":\"ImageObject\",\"inLanguage\":\"en-US\",\"@id\":\"https:\/\/www.challenge-family.com\/challenge-family\/news\/petr-vabrousek-we-dont-need-to-worry-about-the-future-of-challengeprague\/#primaryimage\",\"url\":\"https:\/\/www.challenge-family.com\/challenge-family\/wp-content\/uploads\/sites\/75\/2024\/05\/brychtajan_challenge_prague_triatlon_20170729_145817_d72_9982.jpg\",\"contentUrl\":\"https:\/\/www.challenge-family.com\/challenge-family\/wp-content\/uploads\/sites\/75\/2024\/05\/brychtajan_challenge_prague_triatlon_20170729_145817_d72_9982.jpg\",\"width\":2048,\"height\":1363},{\"@type\":\"BreadcrumbList\",\"@id\":\"https:\/\/www.challenge-family.com\/challenge-family\/news\/petr-vabrousek-we-dont-need-to-worry-about-the-future-of-challengeprague\/#breadcrumb\",\"itemListElement\":[{\"@type\":\"ListItem\",\"position\":1,\"name\":\"Home\",\"item\":\"https:\/\/www.challenge-family.com\/challenge-family\/\"},{\"@type\":\"ListItem\",\"position\":2,\"name\":\"Petr Vabrou\u0161ek: We don\u2019t need to worry about the future of CHALLENGEPRAGUE\"}]},{\"@type\":\"WebSite\",\"@id\":\"https:\/\/www.challenge-family.com\/challenge-family\/#website\",\"url\":\"https:\/\/www.challenge-family.com\/challenge-family\/\",\"name\":\"Challenge Family\",\"description\":\"Every Athlete, Every Challenge\",\"publisher\":{\"@id\":\"https:\/\/www.challenge-family.com\/challenge-family\/#organization\"},\"potentialAction\":[{\"@type\":\"SearchAction\",\"target\":{\"@type\":\"EntryPoint\",\"urlTemplate\":\"https:\/\/www.challenge-family.com\/challenge-family\/?s={search_term_string}\"},\"query-input\":{\"@type\":\"PropertyValueSpecification\",\"valueRequired\":true,\"valueName\":\"search_term_string\"}}],\"inLanguage\":\"en-US\"},{\"@type\":\"Organization\",\"@id\":\"https:\/\/www.challenge-family.com\/challenge-family\/#organization\",\"name\":\"Challenge Family\",\"url\":\"https:\/\/www.challenge-family.com\/challenge-family\/\",\"logo\":{\"@type\":\"ImageObject\",\"inLanguage\":\"en-US\",\"@id\":\"https:\/\/www.challenge-family.com\/challenge-family\/#\/schema\/logo\/image\/\",\"url\":\"https:\/\/www.challenge-family.com\/challenge-family\/wp-content\/uploads\/sites\/75\/2024\/05\/cropped-ChallengeFamily_PrimaryLogo_Horizontal_RGB_OnDark-1-1.png\",\"contentUrl\":\"https:\/\/www.challenge-family.com\/challenge-family\/wp-content\/uploads\/sites\/75\/2024\/05\/cropped-ChallengeFamily_PrimaryLogo_Horizontal_RGB_OnDark-1-1.png\",\"width\":2000,\"height\":473,\"caption\":\"Challenge Family\"},\"image\":{\"@id\":\"https:\/\/www.challenge-family.com\/challenge-family\/#\/schema\/logo\/image\/\"}}]}<\/script>\n<!-- \/ Yoast SEO plugin. -->","yoast_head_json":{"title":"Petr Vabrou\u0161ek: We don\u2019t need to worry about the future of CHALLENGEPRAGUE - Challenge Family","robots":{"index":"index","follow":"follow","max-snippet":"max-snippet:-1","max-image-preview":"max-image-preview:large","max-video-preview":"max-video-preview:-1"},"canonical":"https:\/\/www.challenge-family.com\/challenge-family\/news\/petr-vabrousek-we-dont-need-to-worry-about-the-future-of-challengeprague\/","og_locale":"en_US","og_type":"article","og_title":"Petr Vabrou\u0161ek: We don\u2019t need to worry about the future of CHALLENGEPRAGUE - Challenge Family","og_description":"Czech triathlete Petr Vabrou\u0161ek has ranked more than a hundred times among top ten at the Ironman and Challenge races all over the world. Last year he took part in the premiere of FORD CHALLENGEPRAGUE and this year he will not be missing at the start of this unique competition in the centre of Prague. [&hellip;]","og_url":"https:\/\/www.challenge-family.com\/challenge-family\/news\/petr-vabrousek-we-dont-need-to-worry-about-the-future-of-challengeprague\/","og_site_name":"Challenge Family","article_modified_time":"2024-05-29T15:46:47+00:00","og_image":[{"width":2048,"height":1363,"url":"https:\/\/www.challenge-family.com\/challenge-family\/wp-content\/uploads\/sites\/75\/2024\/05\/brychtajan_challenge_prague_triatlon_20170729_145817_d72_9982.jpg","type":"image\/jpeg"}],"twitter_card":"summary_large_image","twitter_misc":{"Est. reading time":"2 minutes"},"schema":{"@context":"https:\/\/schema.org","@graph":[{"@type":"WebPage","@id":"https:\/\/www.challenge-family.com\/challenge-family\/news\/petr-vabrousek-we-dont-need-to-worry-about-the-future-of-challengeprague\/","url":"https:\/\/www.challenge-family.com\/challenge-family\/news\/petr-vabrousek-we-dont-need-to-worry-about-the-future-of-challengeprague\/","name":"Petr Vabrou\u0161ek: We don\u2019t need to worry about the future of CHALLENGEPRAGUE - Challenge Family","isPartOf":{"@id":"https:\/\/www.challenge-family.com\/challenge-family\/#website"},"primaryImageOfPage":{"@id":"https:\/\/www.challenge-family.com\/challenge-family\/news\/petr-vabrousek-we-dont-need-to-worry-about-the-future-of-challengeprague\/#primaryimage"},"image":{"@id":"https:\/\/www.challenge-family.com\/challenge-family\/news\/petr-vabrousek-we-dont-need-to-worry-about-the-future-of-challengeprague\/#primaryimage"},"thumbnailUrl":"https:\/\/www.challenge-family.com\/challenge-family\/wp-content\/uploads\/sites\/75\/2024\/05\/brychtajan_challenge_prague_triatlon_20170729_145817_d72_9982.jpg","datePublished":"2018-07-16T15:59:59+00:00","dateModified":"2024-05-29T15:46:47+00:00","breadcrumb":{"@id":"https:\/\/www.challenge-family.com\/challenge-family\/news\/petr-vabrousek-we-dont-need-to-worry-about-the-future-of-challengeprague\/#breadcrumb"},"inLanguage":"en-US","potentialAction":[{"@type":"ReadAction","target":["https:\/\/www.challenge-family.com\/challenge-family\/news\/petr-vabrousek-we-dont-need-to-worry-about-the-future-of-challengeprague\/"]}]},{"@type":"ImageObject","inLanguage":"en-US","@id":"https:\/\/www.challenge-family.com\/challenge-family\/news\/petr-vabrousek-we-dont-need-to-worry-about-the-future-of-challengeprague\/#primaryimage","url":"https:\/\/www.challenge-family.com\/challenge-family\/wp-content\/uploads\/sites\/75\/2024\/05\/brychtajan_challenge_prague_triatlon_20170729_145817_d72_9982.jpg","contentUrl":"https:\/\/www.challenge-family.com\/challenge-family\/wp-content\/uploads\/sites\/75\/2024\/05\/brychtajan_challenge_prague_triatlon_20170729_145817_d72_9982.jpg","width":2048,"height":1363},{"@type":"BreadcrumbList","@id":"https:\/\/www.challenge-family.com\/challenge-family\/news\/petr-vabrousek-we-dont-need-to-worry-about-the-future-of-challengeprague\/#breadcrumb","itemListElement":[{"@type":"ListItem","position":1,"name":"Home","item":"https:\/\/www.challenge-family.com\/challenge-family\/"},{"@type":"ListItem","position":2,"name":"Petr Vabrou\u0161ek: We don\u2019t need to worry about the future of CHALLENGEPRAGUE"}]},{"@type":"WebSite","@id":"https:\/\/www.challenge-family.com\/challenge-family\/#website","url":"https:\/\/www.challenge-family.com\/challenge-family\/","name":"Challenge Family","description":"Every Athlete, Every Challenge","publisher":{"@id":"https:\/\/www.challenge-family.com\/challenge-family\/#organization"},"potentialAction":[{"@type":"SearchAction","target":{"@type":"EntryPoint","urlTemplate":"https:\/\/www.challenge-family.com\/challenge-family\/?s={search_term_string}"},"query-input":{"@type":"PropertyValueSpecification","valueRequired":true,"valueName":"search_term_string"}}],"inLanguage":"en-US"},{"@type":"Organization","@id":"https:\/\/www.challenge-family.com\/challenge-family\/#organization","name":"Challenge Family","url":"https:\/\/www.challenge-family.com\/challenge-family\/","logo":{"@type":"ImageObject","inLanguage":"en-US","@id":"https:\/\/www.challenge-family.com\/challenge-family\/#\/schema\/logo\/image\/","url":"https:\/\/www.challenge-family.com\/challenge-family\/wp-content\/uploads\/sites\/75\/2024\/05\/cropped-ChallengeFamily_PrimaryLogo_Horizontal_RGB_OnDark-1-1.png","contentUrl":"https:\/\/www.challenge-family.com\/challenge-family\/wp-content\/uploads\/sites\/75\/2024\/05\/cropped-ChallengeFamily_PrimaryLogo_Horizontal_RGB_OnDark-1-1.png","width":2000,"height":473,"caption":"Challenge Family"},"image":{"@id":"https:\/\/www.challenge-family.com\/challenge-family\/#\/schema\/logo\/image\/"}}]}},"acf":[],"_links":{"self":[{"href":"https:\/\/www.challenge-family.com\/challenge-family\/wp-json\/wp\/v2\/news\/17086"}],"collection":[{"href":"https:\/\/www.challenge-family.com\/challenge-family\/wp-json\/wp\/v2\/news"}],"about":[{"href":"https:\/\/www.challenge-family.com\/challenge-family\/wp-json\/wp\/v2\/types\/news"}],"author":[{"embeddable":true,"href":"https:\/\/www.challenge-family.com\/challenge-family\/wp-json\/wp\/v2\/users\/355"}],"replies":[{"embeddable":true,"href":"https:\/\/www.challenge-family.com\/challenge-family\/wp-json\/wp\/v2\/comments?post=17086"}],"version-history":[{"count":1,"href":"https:\/\/www.challenge-family.com\/challenge-family\/wp-json\/wp\/v2\/news\/17086\/revisions"}],"predecessor-version":[{"id":21074,"href":"https:\/\/www.challenge-family.com\/challenge-family\/wp-json\/wp\/v2\/news\/17086\/revisions\/21074"}],"wp:featuredmedia":[{"embeddable":true,"href":"https:\/\/www.challenge-family.com\/challenge-family\/wp-json\/wp\/v2\/media\/17087"}],"wp:attachment":[{"href":"https:\/\/www.challenge-family.com\/challenge-family\/wp-json\/wp\/v2\/media?parent=17086"}],"wp:term":[{"taxonomy":"category","embeddable":true,"href":"https:\/\/www.challenge-family.com\/challenge-family\/wp-json\/wp\/v2\/categories?post=17086"},{"taxonomy":"post_tag","embeddable":true,"href":"https:\/\/www.challenge-family.com\/challenge-family\/wp-json\/wp\/v2\/tags?post=17086"}],"curies":[{"name":"wp","href":"https:\/\/api.w.org\/{rel}","templated":true}]}}